{"id":1287,"date":"2019-10-21T18:03:13","date_gmt":"2019-10-21T16:03:13","guid":{"rendered":"https:\/\/gruparenal.com\/?p=1287"},"modified":"2020-05-06T11:37:44","modified_gmt":"2020-05-06T09:37:44","slug":"recepta-de-tall-de-remol-confitat-sobre-crema-de-trompetes-de-la-mort-amb-germinats-d-esparrecs","status":"publish","type":"post","link":"https:\/\/gruparenal.com\/ca\/recepta-de-tall-de-remol-confitat-sobre-crema-de-trompetes-de-la-mort-amb-germinats-d-esparrecs\/","title":{"rendered":"RECEPTA DE TALL DE R\u00c8MOL CONFITAT SOBRE CREMA DE TROMPETES DE LA MORT AMB GERMINAT D&#8217;ESP\u00c0RRECS"},"content":{"rendered":"[vc_row type=&#8221;in_container&#8221; full_screen_row_position=&#8221;middle&#8221; equal_height=&#8221;yes&#8221; content_placement=&#8221;top&#8221; column_margin=&#8221;default&#8221; scene_position=&#8221;center&#8221; text_color=&#8221;dark&#8221; text_align=&#8221;left&#8221; id=&#8221;Bloque-Introduccion&#8221; overlay_strength=&#8221;0.3&#8243; shape_divider_position=&#8221;bottom&#8221; bg_image_animation=&#8221;none&#8221; shape_type=&#8221;&#8221;][vc_column column_padding=&#8221;no-extra-padding&#8221; column_padding_position=&#8221;all&#8221; background_color_opacity=&#8221;1&#8243; background_hover_color_opacity=&#8221;1&#8243; column_link_target=&#8221;_self&#8221; column_shadow=&#8221;none&#8221; column_border_radius=&#8221;none&#8221; el_class=&#8221;Columna-1&#8243; width=&#8221;1\/3&#8243; tablet_width_inherit=&#8221;default&#8221; tablet_text_alignment=&#8221;default&#8221; phone_text_alignment=&#8221;default&#8221; overlay_strength=&#8221;0.3&#8243; column_border_width=&#8221;none&#8221; column_border_style=&#8221;solid&#8221; bg_image_animation=&#8221;none&#8221;][vc_column_text el_class=&#8221;Titulo-Post&#8221;]\n<h1><span style=\"font-family: frontage-condensed; color: #ffffff;\">RECEPTA DE TALL DE R\u00c8MOL CONFITAT SOBRE CREMA DE TROMPETES DE LA MORT AMB GERMINAT D&#8217;ESP\u00c0RRECS<\/span><\/h1>\n[\/vc_column_text][image_with_animation image_url=&#8221;309&#8243; alignment=&#8221;&#8221; animation=&#8221;Fade In&#8221; hover_animation=&#8221;none&#8221; border_radius=&#8221;none&#8221; box_shadow=&#8221;none&#8221; image_loading=&#8221;default&#8221; max_width=&#8221;100%&#8221; max_width_mobile=&#8221;default&#8221; el_class=&#8221;Logo-Cabecera&#8221;][\/vc_column][vc_column column_padding=&#8221;no-extra-padding&#8221; column_padding_position=&#8221;all&#8221; background_color_opacity=&#8221;1&#8243; background_hover_color_opacity=&#8221;1&#8243; column_link_target=&#8221;_self&#8221; column_shadow=&#8221;none&#8221; column_border_radius=&#8221;none&#8221; el_class=&#8221;Columna-2&#8243; width=&#8221;2\/3&#8243; tablet_width_inherit=&#8221;default&#8221; tablet_text_alignment=&#8221;default&#8221; phone_text_alignment=&#8221;default&#8221; overlay_strength=&#8221;0.3&#8243; column_border_width=&#8221;none&#8221; column_border_style=&#8221;solid&#8221; bg_image_animation=&#8221;none&#8221;][image_with_animation image_url=&#8221;755&#8243; alignment=&#8221;&#8221; animation=&#8221;Fade In&#8221; hover_animation=&#8221;none&#8221; border_radius=&#8221;none&#8221; box_shadow=&#8221;none&#8221; image_loading=&#8221;default&#8221; max_width=&#8221;100%&#8221; max_width_mobile=&#8221;default&#8221;][\/vc_column][\/vc_row][vc_row type=&#8221;in_container&#8221; full_screen_row_position=&#8221;middle&#8221; column_margin=&#8221;default&#8221; scene_position=&#8221;center&#8221; text_color=&#8221;dark&#8221; text_align=&#8221;left&#8221; overlay_strength=&#8221;0.3&#8243; shape_divider_position=&#8221;bottom&#8221; bg_image_animation=&#8221;none&#8221;][vc_column column_padding=&#8221;no-extra-padding&#8221; column_padding_position=&#8221;all&#8221; background_color_opacity=&#8221;1&#8243; background_hover_color_opacity=&#8221;1&#8243; column_link_target=&#8221;_self&#8221; column_shadow=&#8221;none&#8221; column_border_radius=&#8221;none&#8221; width=&#8221;1\/1&#8243; tablet_width_inherit=&#8221;default&#8221; tablet_text_alignment=&#8221;default&#8221; phone_text_alignment=&#8221;default&#8221; overlay_strength=&#8221;0.3&#8243; column_border_width=&#8221;none&#8221; column_border_style=&#8221;solid&#8221; bg_image_animation=&#8221;none&#8221;][vc_column_text]<span style=\"color: #6a6b6a; font-family: helveticaneueltstd-c;\">Encara no heu pogut degustar els bolets d&#8217;aquesta temporada? No us preocupeu, encara sou a temps. A Grup Arenal continuem compartint delicioses receptes dels nostres xefs.<\/span><\/p>\n<div class=\"post-entry post-entry-type-page post-entry-3670\">\n<div class=\"entry-content-wrapper clearfix\">\n<div class=\"av-special-heading av-special-heading-h1 avia-builder-el-0 el_before_av_slideshow avia-builder-el-first \">\n<div class=\"post-entry post-entry-type-page post-entry-3670\">\n<div class=\"entry-content-wrapper clearfix\">\n<div class=\"av-special-heading av-special-heading-h1 avia-builder-el-0 el_before_av_slideshow avia-builder-el-first \">\n<section class=\"av_textblock_section \">\n<div class=\"avia_textblock \">\n<p><span style=\"font-family: helveticaneueltstd-c; color: #6a6b6a;\">Avui us compartim una nova recepta amb els bolets com a protagonistes. Aquesta vegada la recepta \u00e9s del xef Manuel Gallardo d&#8217;<strong>Arenal Restaurant<\/strong>.<\/span><\/p>\n<p><span style=\"font-family: helveticaneueltstd-c; color: #6a6b6a;\">Abans de prosseguir amb la recepta us vol\u00edem compartir les meravelloses propietats d&#8217;aquest aliment.<\/span><\/p>\n<h2><span style=\"font-family: helveticaneueltstd-c; color: #6a6b6a;\"><strong>Propietats dels bolets:\u00a0<\/strong><\/span><\/h2>\n<p><span style=\"font-family: helveticaneueltstd-c; color: #6a6b6a;\">Els bolets no s\u00f3n solament un aliment delici\u00f3s, a m\u00e9s del seu sabor tenen moltes m\u00e9s propietats. Segons la Fundaci\u00f3 Espanyola de Nutrici\u00f3, els bolets tenen moltes propietats nutritives beneficioses per a la salut, per aix\u00f2 s\u00f3n ideals i aptes per a la majoria de les persones. S\u00f3n aliments rics en aigua, sense greix, amb prote\u00efnes d&#8217;alta qualitat i fibra.<\/span><\/p>\n<p><span style=\"font-family: helveticaneueltstd-c; color: #6a6b6a;\">Els bolets s\u00f3n rics en:<\/span><\/p>\n<ul>\n<li><span style=\"font-family: helveticaneueltstd-c; color: #6a6b6a;\">Ferro<\/span><\/li>\n<li><span style=\"font-family: helveticaneueltstd-c; color: #6a6b6a;\">F\u00f2sfor<\/span><\/li>\n<li><span style=\"font-family: helveticaneueltstd-c; color: #6a6b6a;\">Iode<\/span><\/li>\n<li><span style=\"font-family: helveticaneueltstd-c; color: #6a6b6a;\">Magnesi<\/span><\/li>\n<li><span style=\"font-family: helveticaneueltstd-c; color: #6a6b6a;\">Seleni<\/span><\/li>\n<li><span style=\"font-family: helveticaneueltstd-c; color: #6a6b6a;\">Calci<\/span><\/li>\n<li><span style=\"font-family: helveticaneueltstd-c; color: #6a6b6a;\">Potassi<\/span><\/li>\n<li><span style=\"font-family: helveticaneueltstd-c; color: #6a6b6a;\">Zinc<\/span><\/li>\n<li><span style=\"font-family: helveticaneueltstd-c; color: #6a6b6a;\">Vitamines A i vitamines del grup B (concretament B1, B2, B3) C i D.<\/span><\/li>\n<\/ul>\n<h2><strong><span style=\"font-family: helveticaneueltstd-c; color: #6a6b6a;\">Tall de r\u00e8mol confitat sobre crema de trompetes de la mort amb germinat d&#8217;esp\u00e0rrecs<\/span><\/strong><\/h2>\n<h3><strong><span style=\"font-family: helveticaneueltstd-c; color: #6a6b6a;\">Tall de R\u00e8mol:<\/span><\/strong><\/h3>\n<h4><span style=\"font-family: helveticaneueltstd-c; color: #6a6b6a;\">Ingredients:<\/span><\/h4>\n<ul>\n<li><span style=\"font-family: helveticaneueltstd-c; color: #6a6b6a;\">2180 gr Llom de r\u00e8mol net d&#8217;espines<\/span><\/li>\n<li><span style=\"font-family: helveticaneueltstd-c; color: #6a6b6a;\">150 cl Oli d&#8217;oliva suau<\/span><\/li>\n<li><span style=\"font-family: helveticaneueltstd-c; color: #6a6b6a;\">2 uniu. Grans d&#8217;all<\/span><\/li>\n<li><span style=\"font-family: helveticaneueltstd-c; color: #6a6b6a;\">1 branca Farigola fresca<\/span><\/li>\n<\/ul>\n<h4><span style=\"font-family: helveticaneueltstd-c; color: #6a6b6a;\">Elaboraci\u00f3 del tall de r\u00e8mol:<\/span><\/h4>\n<ul>\n<li><span style=\"font-family: helveticaneueltstd-c; color: #6a6b6a;\">Posem a coure a foc lent, en un cass\u00f3, l&#8217;oli d&#8217;oliva juntament amb el gra d&#8217;all i la farigola.<\/span><\/li>\n<li><span style=\"font-family: helveticaneueltstd-c; color: #6a6b6a;\">En aconseguir els 110\u00e8, submergirem el r\u00e8mol i el deixarem a 95\u00e8 durant uns 8 min per a la seva cocci\u00f3 en oli.<\/span><\/li>\n<li><span style=\"font-family: helveticaneueltstd-c; color: #6a6b6a;\">A continuaci\u00f3, ho traurem amb cura i ho deixarem reposar en un paper absorbent durant uns segons.<\/span><\/li>\n<\/ul>\n<h3><span style=\"font-family: helveticaneueltstd-c; color: #6a6b6a;\"><strong>Crema de trompetes de la mort<\/strong>:<\/span><\/h3>\n<h4><span style=\"font-family: helveticaneueltstd-c; color: #6a6b6a;\">Ingredients:<\/span><\/h4>\n<ul>\n<li><span style=\"font-family: helveticaneueltstd-c; color: #6a6b6a;\">60 gr Trompetes de la mort fresques<\/span><\/li>\n<li><span style=\"font-family: helveticaneueltstd-c; color: #6a6b6a;\">1 pz. Ceba de Figueres<\/span><\/li>\n<li><span style=\"font-family: helveticaneueltstd-c; color: #6a6b6a;\">1 uniu. Gra d&#8217;all<\/span><\/li>\n<li><span style=\"font-family: helveticaneueltstd-c; color: #6a6b6a;\">0\u20195 uniu. Porro<\/span><\/li>\n<li><span style=\"font-family: helveticaneueltstd-c; color: #6a6b6a;\">100 cl Brou de peix blanc<\/span><\/li>\n<li><span style=\"font-family: helveticaneueltstd-c; color: #6a6b6a;\">30 gr. Mantega<\/span><\/li>\n<li><span style=\"font-family: helveticaneueltstd-c; color: #6a6b6a;\">30 cl. Crema de llet<\/span><\/li>\n<li><span style=\"font-family: helveticaneueltstd-c; color: #6a6b6a;\">20 cl. Vi blanc<\/span><\/li>\n<li><span style=\"font-family: helveticaneueltstd-c; color: #6a6b6a;\">10 cl. Conyac<\/span><\/li>\n<\/ul>\n<h4><span style=\"font-family: helveticaneueltstd-c; color: #6a6b6a;\">Elaboraci\u00f3 crema de trompetes de la mort:<\/span><\/h4>\n<ul>\n<li><span style=\"font-family: helveticaneueltstd-c; color: #6a6b6a;\">Fondejar la mantega, l&#8217;all, la ceba de Figueres i el porro. Quan estigui blanquejat afegim els bolets i el flamegem amb conyac.<\/span><\/li>\n<li><span style=\"font-family: helveticaneueltstd-c; color: #6a6b6a;\">A continuaci\u00f3, afegim el vi blanc, el redu\u00efm d&#8217;alcohol i despr\u00e9s afegim el brou.<\/span><\/li>\n<li><span style=\"font-family: helveticaneueltstd-c; color: #6a6b6a;\">Deixem que cogui 6 min.<\/span><\/li>\n<li><span style=\"font-family: helveticaneueltstd-c; color: #6a6b6a;\">Afegim la crema llet i tornem a deixar que bulli per a despr\u00e9s triturar-ho en la Thermomix i deixar-ho fi.<\/span><\/li>\n<\/ul>\n<h3><span style=\"font-family: helveticaneueltstd-c; color: #6a6b6a;\">Presentaci\u00f3 del plat:<\/span><\/h3>\n<ul>\n<li><span style=\"font-family: helveticaneueltstd-c; color: #6a6b6a;\">La presentaci\u00f3 ser\u00e0 en un plat profund amb el fons de crema de trompetes, una patata anglesa i una pastanaga mini per a la decoraci\u00f3.<\/span><\/li>\n<li><span style=\"font-family: helveticaneueltstd-c; color: #6a6b6a;\">Col\u00b7locarem el llom de r\u00e8mol amb mitja porci\u00f3 submergida en la crema i la resta recolzada en les verdures.<\/span><\/li>\n<li><span style=\"font-family: helveticaneueltstd-c; color: #6a6b6a;\">Col\u00b7locarem damunt un petit bouquet de germinat d&#8217;esp\u00e0rrecs i empolvorarem un polsim de pebre roig dol\u00e7 en el lateral per a donar color al plat.<\/span><\/li>\n<\/ul>\n<\/div>\n<\/section>\n<\/div>\n<\/div>\n<\/div>\n<\/div>\n<\/div>\n<\/div>\n[\/vc_column_text][\/vc_column][\/vc_row]\n","protected":false},"excerpt":{"rendered":"<p>[vc_row type=&#8221;in_container&#8221; full_screen_row_position=&#8221;middle&#8221; equal_height=&#8221;yes&#8221; content_placement=&#8221;top&#8221; column_margin=&#8221;default&#8221; scene_position=&#8221;center&#8221; text_color=&#8221;dark&#8221; text_align=&#8221;left&#8221; id=&#8221;Bloque-Introduccion&#8221; overlay_strength=&#8221;0.3&#8243; shape_divider_position=&#8221;bottom&#8221; bg_image_animation=&#8221;none&#8221; shape_type=&#8221;&#8221;][vc_column column_padding=&#8221;no-extra-padding&#8221; column_padding_position=&#8221;all&#8221; background_color_opacity=&#8221;1&#8243; background_hover_color_opacity=&#8221;1&#8243; column_link_target=&#8221;_self&#8221; column_shadow=&#8221;none&#8221; column_border_radius=&#8221;none&#8221; el_class=&#8221;Columna-1&#8243; width=&#8221;1\/3&#8243; tablet_width_inherit=&#8221;default&#8221; tablet_text_alignment=&#8221;default&#8221; phone_text_alignment=&#8221;default&#8221; overlay_strength=&#8221;0.3&#8243; column_border_width=&#8221;none&#8221; column_border_style=&#8221;solid&#8221; bg_image_animation=&#8221;none&#8221;][vc_column_text el_class=&#8221;Titulo-Post&#8221;] RECEPTA DE TALL DE R\u00c8MOL CONFITAT SOBRE CREMA DE TROMPETES DE LA MORT AMB GERMINAT D&#8217;ESP\u00c0RRECS [\/vc_column_text][image_with_animation image_url=&#8221;309&#8243; alignment=&#8221;&#8221;&#8230;<\/p>\n","protected":false},"author":2,"featured_media":1304,"comment_status":"closed","ping_status":"open","sticky":false,"template":"","format":"standard","meta":{"_acf_changed":false,"footnotes":""},"categories":[33],"tags":[],"class_list":{"0":"post-1287","1":"post","2":"type-post","3":"status-publish","4":"format-standard","5":"has-post-thumbnail","7":"category-receptes"},"acf":[],"yoast_head":"<!-- This site is optimized with the Yoast SEO plugin v27.3 - https:\/\/yoast.com\/product\/yoast-seo-wordpress\/ -->\n<title>Recepta de tall de r\u00e8mol confitat sobre crema de trompetes | Grup Arenal<\/title>\n<meta name=\"description\" content=\"Encara no heu pogut degustar els bolets d&#039;aquesta temporada? A Grup Arenal us compartim la recepta de tall de r\u00e8mol confitat sobre crema de trompetes!\" \/>\n<meta name=\"robots\" content=\"index, follow, max-snippet:-1, max-image-preview:large, max-video-preview:-1\" \/>\n<link rel=\"canonical\" href=\"https:\/\/gruparenal.com\/ca\/recepta-de-tall-de-remol-confitat-sobre-crema-de-trompetes-de-la-mort-amb-germinats-d-esparrecs\/\" \/>\n<meta property=\"og:locale\" content=\"ca_ES\" \/>\n<meta property=\"og:type\" content=\"article\" \/>\n<meta property=\"og:title\" content=\"Recepta de tall de r\u00e8mol confitat sobre crema de trompetes | Grup Arenal\" \/>\n<meta property=\"og:description\" content=\"Encara no heu pogut degustar els bolets d&#039;aquesta temporada? A Grup Arenal us compartim la recepta de tall de r\u00e8mol confitat sobre crema de trompetes!\" \/>\n<meta property=\"og:url\" content=\"https:\/\/gruparenal.com\/ca\/recepta-de-tall-de-remol-confitat-sobre-crema-de-trompetes-de-la-mort-amb-germinats-d-esparrecs\/\" \/>\n<meta property=\"og:site_name\" content=\"Grup Arenal\" \/>\n<meta property=\"article:published_time\" content=\"2019-10-21T16:03:13+00:00\" \/>\n<meta property=\"article:modified_time\" content=\"2020-05-06T09:37:44+00:00\" \/>\n<meta property=\"og:image\" content=\"https:\/\/gruparenal.com\/wp-content\/uploads\/2020\/02\/corte-rodaballo-confitado-crema-trompetas-de-la-muerte.jpg\" \/>\n\t<meta property=\"og:image:width\" content=\"1599\" \/>\n\t<meta property=\"og:image:height\" content=\"1200\" \/>\n\t<meta property=\"og:image:type\" content=\"image\/jpeg\" \/>\n<meta name=\"author\" content=\"Lucia\" \/>\n<meta name=\"twitter:card\" content=\"summary_large_image\" \/>\n<meta name=\"twitter:label1\" content=\"Escrit per\" \/>\n\t<meta name=\"twitter:data1\" content=\"Lucia\" \/>\n\t<meta name=\"twitter:label2\" content=\"Temps estimat de lectura\" \/>\n\t<meta name=\"twitter:data2\" content=\"4 minuts\" \/>\n<script type=\"application\/ld+json\" class=\"yoast-schema-graph\">{\"@context\":\"https:\\\/\\\/schema.org\",\"@graph\":[{\"@type\":\"Article\",\"@id\":\"https:\\\/\\\/gruparenal.com\\\/ca\\\/recepta-de-tall-de-remol-confitat-sobre-crema-de-trompetes-de-la-mort-amb-germinats-d-esparrecs\\\/#article\",\"isPartOf\":{\"@id\":\"https:\\\/\\\/gruparenal.com\\\/ca\\\/recepta-de-tall-de-remol-confitat-sobre-crema-de-trompetes-de-la-mort-amb-germinats-d-esparrecs\\\/\"},\"author\":{\"name\":\"Lucia\",\"@id\":\"https:\\\/\\\/gruparenal.com\\\/ca\\\/#\\\/schema\\\/person\\\/6d9ea8ff5d736e55a9d6bf6b6d82b75f\"},\"headline\":\"RECEPTA DE TALL DE R\u00c8MOL CONFITAT SOBRE CREMA DE TROMPETES DE LA MORT AMB GERMINAT D&#8217;ESP\u00c0RRECS\",\"datePublished\":\"2019-10-21T16:03:13+00:00\",\"dateModified\":\"2020-05-06T09:37:44+00:00\",\"mainEntityOfPage\":{\"@id\":\"https:\\\/\\\/gruparenal.com\\\/ca\\\/recepta-de-tall-de-remol-confitat-sobre-crema-de-trompetes-de-la-mort-amb-germinats-d-esparrecs\\\/\"},\"wordCount\":808,\"image\":{\"@id\":\"https:\\\/\\\/gruparenal.com\\\/ca\\\/recepta-de-tall-de-remol-confitat-sobre-crema-de-trompetes-de-la-mort-amb-germinats-d-esparrecs\\\/#primaryimage\"},\"thumbnailUrl\":\"https:\\\/\\\/gruparenal.com\\\/wp-content\\\/uploads\\\/2020\\\/02\\\/corte-rodaballo-confitado-crema-trompetas-de-la-muerte.jpg\",\"articleSection\":[\"Receptes\"],\"inLanguage\":\"ca\"},{\"@type\":\"WebPage\",\"@id\":\"https:\\\/\\\/gruparenal.com\\\/ca\\\/recepta-de-tall-de-remol-confitat-sobre-crema-de-trompetes-de-la-mort-amb-germinats-d-esparrecs\\\/\",\"url\":\"https:\\\/\\\/gruparenal.com\\\/ca\\\/recepta-de-tall-de-remol-confitat-sobre-crema-de-trompetes-de-la-mort-amb-germinats-d-esparrecs\\\/\",\"name\":\"Recepta de tall de r\u00e8mol confitat sobre crema de trompetes | Grup Arenal\",\"isPartOf\":{\"@id\":\"https:\\\/\\\/gruparenal.com\\\/ca\\\/#website\"},\"primaryImageOfPage\":{\"@id\":\"https:\\\/\\\/gruparenal.com\\\/ca\\\/recepta-de-tall-de-remol-confitat-sobre-crema-de-trompetes-de-la-mort-amb-germinats-d-esparrecs\\\/#primaryimage\"},\"image\":{\"@id\":\"https:\\\/\\\/gruparenal.com\\\/ca\\\/recepta-de-tall-de-remol-confitat-sobre-crema-de-trompetes-de-la-mort-amb-germinats-d-esparrecs\\\/#primaryimage\"},\"thumbnailUrl\":\"https:\\\/\\\/gruparenal.com\\\/wp-content\\\/uploads\\\/2020\\\/02\\\/corte-rodaballo-confitado-crema-trompetas-de-la-muerte.jpg\",\"datePublished\":\"2019-10-21T16:03:13+00:00\",\"dateModified\":\"2020-05-06T09:37:44+00:00\",\"author\":{\"@id\":\"https:\\\/\\\/gruparenal.com\\\/ca\\\/#\\\/schema\\\/person\\\/6d9ea8ff5d736e55a9d6bf6b6d82b75f\"},\"description\":\"Encara no heu pogut degustar els bolets d'aquesta temporada? A Grup Arenal us compartim la recepta de tall de r\u00e8mol confitat sobre crema de trompetes!\",\"breadcrumb\":{\"@id\":\"https:\\\/\\\/gruparenal.com\\\/ca\\\/recepta-de-tall-de-remol-confitat-sobre-crema-de-trompetes-de-la-mort-amb-germinats-d-esparrecs\\\/#breadcrumb\"},\"inLanguage\":\"ca\",\"potentialAction\":[{\"@type\":\"ReadAction\",\"target\":[\"https:\\\/\\\/gruparenal.com\\\/ca\\\/recepta-de-tall-de-remol-confitat-sobre-crema-de-trompetes-de-la-mort-amb-germinats-d-esparrecs\\\/\"]}]},{\"@type\":\"ImageObject\",\"inLanguage\":\"ca\",\"@id\":\"https:\\\/\\\/gruparenal.com\\\/ca\\\/recepta-de-tall-de-remol-confitat-sobre-crema-de-trompetes-de-la-mort-amb-germinats-d-esparrecs\\\/#primaryimage\",\"url\":\"https:\\\/\\\/gruparenal.com\\\/wp-content\\\/uploads\\\/2020\\\/02\\\/corte-rodaballo-confitado-crema-trompetas-de-la-muerte.jpg\",\"contentUrl\":\"https:\\\/\\\/gruparenal.com\\\/wp-content\\\/uploads\\\/2020\\\/02\\\/corte-rodaballo-confitado-crema-trompetas-de-la-muerte.jpg\",\"width\":1599,\"height\":1200,\"caption\":\"Recepta de tall de turbot confitat sobre crema de trompetes de la mort amb germinats d\u2019esp\u00e0rrecs\"},{\"@type\":\"BreadcrumbList\",\"@id\":\"https:\\\/\\\/gruparenal.com\\\/ca\\\/recepta-de-tall-de-remol-confitat-sobre-crema-de-trompetes-de-la-mort-amb-germinats-d-esparrecs\\\/#breadcrumb\",\"itemListElement\":[{\"@type\":\"ListItem\",\"position\":1,\"name\":\"Portada\",\"item\":\"https:\\\/\\\/gruparenal.com\\\/ca\\\/\"},{\"@type\":\"ListItem\",\"position\":2,\"name\":\"RECEPTA DE TALL DE R\u00c8MOL CONFITAT SOBRE CREMA DE TROMPETES DE LA MORT AMB GERMINAT D&#8217;ESP\u00c0RRECS\"}]},{\"@type\":\"WebSite\",\"@id\":\"https:\\\/\\\/gruparenal.com\\\/ca\\\/#website\",\"url\":\"https:\\\/\\\/gruparenal.com\\\/ca\\\/\",\"name\":\"Grup Arenal\",\"description\":\"Otro sitio realizado con WordPress\",\"potentialAction\":[{\"@type\":\"SearchAction\",\"target\":{\"@type\":\"EntryPoint\",\"urlTemplate\":\"https:\\\/\\\/gruparenal.com\\\/ca\\\/?s={search_term_string}\"},\"query-input\":{\"@type\":\"PropertyValueSpecification\",\"valueRequired\":true,\"valueName\":\"search_term_string\"}}],\"inLanguage\":\"ca\"},{\"@type\":\"Person\",\"@id\":\"https:\\\/\\\/gruparenal.com\\\/ca\\\/#\\\/schema\\\/person\\\/6d9ea8ff5d736e55a9d6bf6b6d82b75f\",\"name\":\"Lucia\",\"image\":{\"@type\":\"ImageObject\",\"inLanguage\":\"ca\",\"@id\":\"https:\\\/\\\/gruparenal.com\\\/wp-content\\\/litespeed\\\/avatar\\\/455dd3eb0b147442b74dae3a6bc714a0.jpg?ver=1777371708\",\"url\":\"https:\\\/\\\/gruparenal.com\\\/wp-content\\\/litespeed\\\/avatar\\\/455dd3eb0b147442b74dae3a6bc714a0.jpg?ver=1777371708\",\"contentUrl\":\"https:\\\/\\\/gruparenal.com\\\/wp-content\\\/litespeed\\\/avatar\\\/455dd3eb0b147442b74dae3a6bc714a0.jpg?ver=1777371708\",\"caption\":\"Lucia\"},\"url\":\"https:\\\/\\\/gruparenal.com\\\/ca\\\/author\\\/4b3cfc7ca0abfa80\\\/\"}]}<\/script>\n<!-- \/ Yoast SEO plugin. -->","yoast_head_json":{"title":"Recepta de tall de r\u00e8mol confitat sobre crema de trompetes | Grup Arenal","description":"Encara no heu pogut degustar els bolets d'aquesta temporada? A Grup Arenal us compartim la recepta de tall de r\u00e8mol confitat sobre crema de trompetes!","robots":{"index":"index","follow":"follow","max-snippet":"max-snippet:-1","max-image-preview":"max-image-preview:large","max-video-preview":"max-video-preview:-1"},"canonical":"https:\/\/gruparenal.com\/ca\/recepta-de-tall-de-remol-confitat-sobre-crema-de-trompetes-de-la-mort-amb-germinats-d-esparrecs\/","og_locale":"ca_ES","og_type":"article","og_title":"Recepta de tall de r\u00e8mol confitat sobre crema de trompetes | Grup Arenal","og_description":"Encara no heu pogut degustar els bolets d'aquesta temporada? A Grup Arenal us compartim la recepta de tall de r\u00e8mol confitat sobre crema de trompetes!","og_url":"https:\/\/gruparenal.com\/ca\/recepta-de-tall-de-remol-confitat-sobre-crema-de-trompetes-de-la-mort-amb-germinats-d-esparrecs\/","og_site_name":"Grup Arenal","article_published_time":"2019-10-21T16:03:13+00:00","article_modified_time":"2020-05-06T09:37:44+00:00","og_image":[{"width":1599,"height":1200,"url":"https:\/\/gruparenal.com\/wp-content\/uploads\/2020\/02\/corte-rodaballo-confitado-crema-trompetas-de-la-muerte.jpg","type":"image\/jpeg"}],"author":"Lucia","twitter_card":"summary_large_image","twitter_misc":{"Escrit per":"Lucia","Temps estimat de lectura":"4 minuts"},"schema":{"@context":"https:\/\/schema.org","@graph":[{"@type":"Article","@id":"https:\/\/gruparenal.com\/ca\/recepta-de-tall-de-remol-confitat-sobre-crema-de-trompetes-de-la-mort-amb-germinats-d-esparrecs\/#article","isPartOf":{"@id":"https:\/\/gruparenal.com\/ca\/recepta-de-tall-de-remol-confitat-sobre-crema-de-trompetes-de-la-mort-amb-germinats-d-esparrecs\/"},"author":{"name":"Lucia","@id":"https:\/\/gruparenal.com\/ca\/#\/schema\/person\/6d9ea8ff5d736e55a9d6bf6b6d82b75f"},"headline":"RECEPTA DE TALL DE R\u00c8MOL CONFITAT SOBRE CREMA DE TROMPETES DE LA MORT AMB GERMINAT D&#8217;ESP\u00c0RRECS","datePublished":"2019-10-21T16:03:13+00:00","dateModified":"2020-05-06T09:37:44+00:00","mainEntityOfPage":{"@id":"https:\/\/gruparenal.com\/ca\/recepta-de-tall-de-remol-confitat-sobre-crema-de-trompetes-de-la-mort-amb-germinats-d-esparrecs\/"},"wordCount":808,"image":{"@id":"https:\/\/gruparenal.com\/ca\/recepta-de-tall-de-remol-confitat-sobre-crema-de-trompetes-de-la-mort-amb-germinats-d-esparrecs\/#primaryimage"},"thumbnailUrl":"https:\/\/gruparenal.com\/wp-content\/uploads\/2020\/02\/corte-rodaballo-confitado-crema-trompetas-de-la-muerte.jpg","articleSection":["Receptes"],"inLanguage":"ca"},{"@type":"WebPage","@id":"https:\/\/gruparenal.com\/ca\/recepta-de-tall-de-remol-confitat-sobre-crema-de-trompetes-de-la-mort-amb-germinats-d-esparrecs\/","url":"https:\/\/gruparenal.com\/ca\/recepta-de-tall-de-remol-confitat-sobre-crema-de-trompetes-de-la-mort-amb-germinats-d-esparrecs\/","name":"Recepta de tall de r\u00e8mol confitat sobre crema de trompetes | Grup Arenal","isPartOf":{"@id":"https:\/\/gruparenal.com\/ca\/#website"},"primaryImageOfPage":{"@id":"https:\/\/gruparenal.com\/ca\/recepta-de-tall-de-remol-confitat-sobre-crema-de-trompetes-de-la-mort-amb-germinats-d-esparrecs\/#primaryimage"},"image":{"@id":"https:\/\/gruparenal.com\/ca\/recepta-de-tall-de-remol-confitat-sobre-crema-de-trompetes-de-la-mort-amb-germinats-d-esparrecs\/#primaryimage"},"thumbnailUrl":"https:\/\/gruparenal.com\/wp-content\/uploads\/2020\/02\/corte-rodaballo-confitado-crema-trompetas-de-la-muerte.jpg","datePublished":"2019-10-21T16:03:13+00:00","dateModified":"2020-05-06T09:37:44+00:00","author":{"@id":"https:\/\/gruparenal.com\/ca\/#\/schema\/person\/6d9ea8ff5d736e55a9d6bf6b6d82b75f"},"description":"Encara no heu pogut degustar els bolets d'aquesta temporada? A Grup Arenal us compartim la recepta de tall de r\u00e8mol confitat sobre crema de trompetes!","breadcrumb":{"@id":"https:\/\/gruparenal.com\/ca\/recepta-de-tall-de-remol-confitat-sobre-crema-de-trompetes-de-la-mort-amb-germinats-d-esparrecs\/#breadcrumb"},"inLanguage":"ca","potentialAction":[{"@type":"ReadAction","target":["https:\/\/gruparenal.com\/ca\/recepta-de-tall-de-remol-confitat-sobre-crema-de-trompetes-de-la-mort-amb-germinats-d-esparrecs\/"]}]},{"@type":"ImageObject","inLanguage":"ca","@id":"https:\/\/gruparenal.com\/ca\/recepta-de-tall-de-remol-confitat-sobre-crema-de-trompetes-de-la-mort-amb-germinats-d-esparrecs\/#primaryimage","url":"https:\/\/gruparenal.com\/wp-content\/uploads\/2020\/02\/corte-rodaballo-confitado-crema-trompetas-de-la-muerte.jpg","contentUrl":"https:\/\/gruparenal.com\/wp-content\/uploads\/2020\/02\/corte-rodaballo-confitado-crema-trompetas-de-la-muerte.jpg","width":1599,"height":1200,"caption":"Recepta de tall de turbot confitat sobre crema de trompetes de la mort amb germinats d\u2019esp\u00e0rrecs"},{"@type":"BreadcrumbList","@id":"https:\/\/gruparenal.com\/ca\/recepta-de-tall-de-remol-confitat-sobre-crema-de-trompetes-de-la-mort-amb-germinats-d-esparrecs\/#breadcrumb","itemListElement":[{"@type":"ListItem","position":1,"name":"Portada","item":"https:\/\/gruparenal.com\/ca\/"},{"@type":"ListItem","position":2,"name":"RECEPTA DE TALL DE R\u00c8MOL CONFITAT SOBRE CREMA DE TROMPETES DE LA MORT AMB GERMINAT D&#8217;ESP\u00c0RRECS"}]},{"@type":"WebSite","@id":"https:\/\/gruparenal.com\/ca\/#website","url":"https:\/\/gruparenal.com\/ca\/","name":"Grup Arenal","description":"Otro sitio realizado con WordPress","potentialAction":[{"@type":"SearchAction","target":{"@type":"EntryPoint","urlTemplate":"https:\/\/gruparenal.com\/ca\/?s={search_term_string}"},"query-input":{"@type":"PropertyValueSpecification","valueRequired":true,"valueName":"search_term_string"}}],"inLanguage":"ca"},{"@type":"Person","@id":"https:\/\/gruparenal.com\/ca\/#\/schema\/person\/6d9ea8ff5d736e55a9d6bf6b6d82b75f","name":"Lucia","image":{"@type":"ImageObject","inLanguage":"ca","@id":"https:\/\/gruparenal.com\/wp-content\/litespeed\/avatar\/455dd3eb0b147442b74dae3a6bc714a0.jpg?ver=1777371708","url":"https:\/\/gruparenal.com\/wp-content\/litespeed\/avatar\/455dd3eb0b147442b74dae3a6bc714a0.jpg?ver=1777371708","contentUrl":"https:\/\/gruparenal.com\/wp-content\/litespeed\/avatar\/455dd3eb0b147442b74dae3a6bc714a0.jpg?ver=1777371708","caption":"Lucia"},"url":"https:\/\/gruparenal.com\/ca\/author\/4b3cfc7ca0abfa80\/"}]}},"_links":{"self":[{"href":"https:\/\/gruparenal.com\/ca\/wp-json\/wp\/v2\/posts\/1287","targetHints":{"allow":["GET"]}}],"collection":[{"href":"https:\/\/gruparenal.com\/ca\/wp-json\/wp\/v2\/posts"}],"about":[{"href":"https:\/\/gruparenal.com\/ca\/wp-json\/wp\/v2\/types\/post"}],"author":[{"embeddable":true,"href":"https:\/\/gruparenal.com\/ca\/wp-json\/wp\/v2\/users\/2"}],"replies":[{"embeddable":true,"href":"https:\/\/gruparenal.com\/ca\/wp-json\/wp\/v2\/comments?post=1287"}],"version-history":[{"count":5,"href":"https:\/\/gruparenal.com\/ca\/wp-json\/wp\/v2\/posts\/1287\/revisions"}],"predecessor-version":[{"id":1685,"href":"https:\/\/gruparenal.com\/ca\/wp-json\/wp\/v2\/posts\/1287\/revisions\/1685"}],"wp:featuredmedia":[{"embeddable":true,"href":"https:\/\/gruparenal.com\/ca\/wp-json\/wp\/v2\/media\/1304"}],"wp:attachment":[{"href":"https:\/\/gruparenal.com\/ca\/wp-json\/wp\/v2\/media?parent=1287"}],"wp:term":[{"taxonomy":"category","embeddable":true,"href":"https:\/\/gruparenal.com\/ca\/wp-json\/wp\/v2\/categories?post=1287"},{"taxonomy":"post_tag","embeddable":true,"href":"https:\/\/gruparenal.com\/ca\/wp-json\/wp\/v2\/tags?post=1287"}],"curies":[{"name":"wp","href":"https:\/\/api.w.org\/{rel}","templated":true}]}}