{"id":1290,"date":"2019-09-30T18:08:28","date_gmt":"2019-09-30T16:08:28","guid":{"rendered":"https:\/\/gruparenal.com\/?p=1290"},"modified":"2020-05-06T11:38:32","modified_gmt":"2020-05-06T09:38:32","slug":"recetas-en-tiempo-de-setas","status":"publish","type":"post","link":"https:\/\/gruparenal.com\/ca\/recetas-en-tiempo-de-setas\/","title":{"rendered":"RECEPTES EN TEMPS DE BOLETS"},"content":{"rendered":"[vc_row type=&#8221;in_container&#8221; full_screen_row_position=&#8221;middle&#8221; equal_height=&#8221;yes&#8221; content_placement=&#8221;top&#8221; column_margin=&#8221;default&#8221; scene_position=&#8221;center&#8221; text_color=&#8221;dark&#8221; text_align=&#8221;left&#8221; id=&#8221;Bloque-Introduccion&#8221; overlay_strength=&#8221;0.3&#8243; shape_divider_position=&#8221;bottom&#8221; bg_image_animation=&#8221;none&#8221; shape_type=&#8221;&#8221;][vc_column column_padding=&#8221;no-extra-padding&#8221; column_padding_position=&#8221;all&#8221; background_color_opacity=&#8221;1&#8243; background_hover_color_opacity=&#8221;1&#8243; column_link_target=&#8221;_self&#8221; column_shadow=&#8221;none&#8221; column_border_radius=&#8221;none&#8221; el_class=&#8221;Columna-1&#8243; width=&#8221;1\/3&#8243; tablet_width_inherit=&#8221;default&#8221; tablet_text_alignment=&#8221;default&#8221; phone_text_alignment=&#8221;default&#8221; overlay_strength=&#8221;0.3&#8243; column_border_width=&#8221;none&#8221; column_border_style=&#8221;solid&#8221; bg_image_animation=&#8221;none&#8221;][vc_column_text el_class=&#8221;Titulo-Post&#8221;]\n<h1><span style=\"font-family: frontage-condensed; color: #ffffff;\">RECEPTES EN TEMPS DE BOLETS<\/span><\/h1>\n[\/vc_column_text][image_with_animation image_url=&#8221;309&#8243; alignment=&#8221;&#8221; animation=&#8221;Fade In&#8221; hover_animation=&#8221;none&#8221; border_radius=&#8221;none&#8221; box_shadow=&#8221;none&#8221; image_loading=&#8221;default&#8221; max_width=&#8221;100%&#8221; max_width_mobile=&#8221;default&#8221; el_class=&#8221;Logo-Cabecera&#8221;][\/vc_column][vc_column column_padding=&#8221;no-extra-padding&#8221; column_padding_position=&#8221;all&#8221; background_color_opacity=&#8221;1&#8243; background_hover_color_opacity=&#8221;1&#8243; column_link_target=&#8221;_self&#8221; column_shadow=&#8221;none&#8221; column_border_radius=&#8221;none&#8221; el_class=&#8221;Columna-2&#8243; width=&#8221;2\/3&#8243; tablet_width_inherit=&#8221;default&#8221; tablet_text_alignment=&#8221;default&#8221; phone_text_alignment=&#8221;default&#8221; overlay_strength=&#8221;0.3&#8243; column_border_width=&#8221;none&#8221; column_border_style=&#8221;solid&#8221; bg_image_animation=&#8221;none&#8221;][image_with_animation image_url=&#8221;772&#8243; alignment=&#8221;&#8221; animation=&#8221;Fade In&#8221; hover_animation=&#8221;none&#8221; border_radius=&#8221;none&#8221; box_shadow=&#8221;none&#8221; image_loading=&#8221;default&#8221; max_width=&#8221;100%&#8221; max_width_mobile=&#8221;default&#8221;][\/vc_column][\/vc_row][vc_row type=&#8221;in_container&#8221; full_screen_row_position=&#8221;middle&#8221; column_margin=&#8221;default&#8221; scene_position=&#8221;center&#8221; text_color=&#8221;dark&#8221; text_align=&#8221;left&#8221; overlay_strength=&#8221;0.3&#8243; shape_divider_position=&#8221;bottom&#8221; bg_image_animation=&#8221;none&#8221;][vc_column column_padding=&#8221;no-extra-padding&#8221; column_padding_position=&#8221;all&#8221; background_color_opacity=&#8221;1&#8243; background_hover_color_opacity=&#8221;1&#8243; column_link_target=&#8221;_self&#8221; column_shadow=&#8221;none&#8221; column_border_radius=&#8221;none&#8221; width=&#8221;1\/1&#8243; tablet_width_inherit=&#8221;default&#8221; tablet_text_alignment=&#8221;default&#8221; phone_text_alignment=&#8221;default&#8221; overlay_strength=&#8221;0.3&#8243; column_border_width=&#8221;none&#8221; column_border_style=&#8221;solid&#8221; bg_image_animation=&#8221;none&#8221;][vc_column_text]\n<div class=\"page\" title=\"Page 11\">\n<div class=\"section\">\n<div class=\"layoutArea\">\n<div class=\"column\">\n<div class=\"post-entry post-entry-type-page post-entry-3636\">\n<div class=\"entry-content-wrapper clearfix\">\n<div class=\"av-special-heading av-special-heading-h1 avia-builder-el-0 el_before_av_slideshow avia-builder-el-first \">\n<section class=\"av_textblock_section \">\n<div class=\"avia_textblock \">\n<p><span style=\"font-family: helveticaneueltstd-c; color: #6a6b6a;\">Amb l&#8217;arribada de les pluges i el fred de tardor comencen a apar\u00e8ixer els primers bolets. Malgrat ser un producte que podem consumir durant tot l&#8217;any, la tardor \u00e9s <strong>l&#8217;\u00e8poca m\u00e9s favorable per al seu desenvolupament<\/strong>. Per sort som afortunats, perqu\u00e8 <strong>Catalunya \u00e9s una de les regions amb m\u00e9s productivitat<\/strong>.<\/span><\/p>\n<p><span style=\"font-family: helveticaneueltstd-c; color: #6a6b6a;\">Les esp\u00e8cies m\u00e9s comunes en la comunitat catalana s\u00f3n: <em><strong>ceps, rossinyol groc o camagroc i Rovell\u00f3 o rovell\u00f3. A m\u00e9s de, rossinyol i Trompetes de la mort.<\/strong><\/em><br \/>\n<\/span><\/p>\n<h2><strong><span style=\"font-family: helveticaneueltstd-c; color: #6a6b6a;\">Grup Arenal y els bolets<\/span><\/strong><\/h2>\n<p><span style=\"font-family: helveticaneueltstd-c; color: #6a6b6a;\">A Grup Arenal sempre oferim productes de proximitat i temporada. Ens agrada delectar als nostres clients amb els millors ingredients del mercat. \u00c9s <strong>temps de bolets<\/strong> i volem rendir tribut a aquesta deliciosa menja.<\/span><\/p>\n<p><span style=\"font-family: helveticaneueltstd-c; color: #6a6b6a;\">Aquesta tardor <strong>volem compartir amb tu les millors receptes dels nostres xefs<\/strong>. Per descomptat, totes elles compartint un ingredient com\u00fa: els bolets.<\/span><\/p>\n<p><span style=\"font-family: helveticaneueltstd-c; color: #6a6b6a;\">La primera recepta \u00e9s del nostre xef de<\/span><strong><span style=\"font-family: helveticaneueltstd-c; color: #6a6b6a;\"> <a href=\"https:\/\/gruparenal.com\/ca\/xup-xup\/\">Xup,Xup<\/a>.<\/span><\/strong><\/p>\n<h3><strong><span style=\"font-family: helveticaneueltstd-c; color: #6a6b6a;\">PAELLA DE BOLETS DE TEMPORADA AMB BOTIFARRA DE PAG\u00c8S<\/span><\/strong><\/h3>\n<h4><strong><span style=\"font-family: helveticaneueltstd-c; color: #6a6b6a;\">Preparaci\u00f3 del bou<\/span><\/strong><\/h4>\n<p><span style=\"font-family: helveticaneueltstd-c; color: #6a6b6a;\"><strong>Ingredients:<\/strong><\/span><\/p>\n<p><span style=\"font-family: helveticaneueltstd-c; color: #6a6b6a;\">Brou 2 L<\/span><\/p>\n<ul>\n<li><span style=\"font-family: helveticaneueltstd-c; color: #6a6b6a;\">500gr ossos de pollastre torrats<\/span><\/li>\n<li><span style=\"font-family: helveticaneueltstd-c; color: #6a6b6a;\">500gr ossos de porc torrats<\/span><\/li>\n<li><span style=\"font-family: helveticaneueltstd-c; color: #6a6b6a;\">300gr cuixetes de pollastre<\/span><\/li>\n<li><span style=\"font-family: helveticaneueltstd-c; color: #6a6b6a;\">300gr magre de porc<\/span><\/li>\n<li><span style=\"font-family: helveticaneueltstd-c; color: #6a6b6a;\">1 ceba blanca en juliana<\/span><\/li>\n<li><span style=\"font-family: helveticaneueltstd-c; color: #6a6b6a;\">1 pastanaga tallada en rodanxes<\/span><\/li>\n<li><span style=\"font-family: helveticaneueltstd-c; color: #6a6b6a;\">1 branca d&#8217;api<\/span><\/li>\n<li><span style=\"font-family: helveticaneueltstd-c; color: #6a6b6a;\">3 dents d&#8217;alls<\/span><\/li>\n<li><span style=\"font-family: helveticaneueltstd-c; color: #6a6b6a;\">1 branqueta de farigola<\/span><\/li>\n<li><span style=\"font-family: helveticaneueltstd-c; color: #6a6b6a;\">1 rajol\u00ed de brandi o vi blanc<\/span><\/li>\n<li><span style=\"font-family: helveticaneueltstd-c; color: #6a6b6a;\">4 L d&#8217;aigua<\/span><\/li>\n<\/ul>\n<p><span style=\"font-family: helveticaneueltstd-c; color: #6a6b6a;\"><strong>Elaboraci\u00f3<\/strong><strong>:<\/strong><\/span><\/p>\n<ul>\n<li><span style=\"font-family: helveticaneueltstd-c; color: #6a6b6a;\">En una olla gran sofregim la ceba, pastanaga, api, alls, farigola, les cuixetes i el magre de porc trossejat fins que agafi color (marr\u00f3). De seguida flamejar amb l&#8217;alcohol.<\/span><\/li>\n<\/ul>\n<ul>\n<li><span style=\"font-family: helveticaneueltstd-c; color: #6a6b6a;\">Agreguem els ossos torrats, cobrim amb aigua i bullim durant 2 hores a foc lent. Finalment, colem i reservem el brou.<\/span><\/li>\n<\/ul>\n<h3><strong><span style=\"font-family: helveticaneueltstd-c; color: #6a6b6a;\">Preparaci\u00f3 de la paella<\/span><\/strong><\/h3>\n<p><span style=\"font-family: helveticaneueltstd-c; color: #6a6b6a;\"><strong>Ingredients:<\/strong><\/span><\/p>\n<ul>\n<li><span style=\"font-family: helveticaneueltstd-c; color: #6a6b6a;\">1 doll d&#8217;oli amb all picat<\/span><\/li>\n<li><span style=\"font-family: helveticaneueltstd-c; color: #6a6b6a;\">100 gr ceba de Figueres picada<\/span><\/li>\n<li><span style=\"font-family: helveticaneueltstd-c; color: #6a6b6a;\">50gr de pebrot verd picat<\/span><\/li>\n<li><span style=\"font-family: helveticaneueltstd-c; color: #6a6b6a;\">10gr = 1 culleradeta de caf\u00e8 de tom\u00e0quet concentrat<\/span><\/li>\n<li><span style=\"font-family: helveticaneueltstd-c; color: #6a6b6a;\">10gr de pebrot de romesco<\/span><\/li>\n<li><span style=\"font-family: helveticaneueltstd-c; color: #6a6b6a;\">70gr = 2 tom\u00e0quets naturals triturats<\/span><\/li>\n<li><span style=\"font-family: helveticaneueltstd-c; color: #6a6b6a;\">2 botifarra de Pag\u00e9s trossejada<\/span><\/li>\n<li><span style=\"font-family: helveticaneueltstd-c; color: #6a6b6a;\">200gr de bolets variats<\/span><\/li>\n<li><span style=\"font-family: helveticaneueltstd-c; color: #6a6b6a;\">320gr arr\u00f2s bomba Illa de Rio<\/span><\/li>\n<li><span style=\"font-family: helveticaneueltstd-c; color: #6a6b6a;\">1 fulla de llorer<br \/>\n<\/span><\/li>\n<\/ul>\n<p><span style=\"font-family: helveticaneueltstd-c; color: #6a6b6a;\"><strong>Elaboraci\u00f3<\/strong><strong>:<\/strong><\/span><\/p>\n<ul>\n<li><span style=\"font-family: helveticaneueltstd-c; color: #6a6b6a;\">En la paellera posem l&#8217;oli amb all picat i sofregim 1 minut. Despr\u00e9s agreguem la ceba i els pebrots verds i sofregim durant 5 min.<\/span><\/li>\n<li><span style=\"font-family: helveticaneueltstd-c; color: #6a6b6a;\">Agreguem el tom\u00e0quet concentrat, el pebrot de romesco i la fulla de llorer.<\/span><\/li>\n<li><span style=\"font-family: helveticaneueltstd-c; color: #6a6b6a;\">De seguida, es remou el sofregit i tirem les botifarres amb els bolets, daurem per <strong>2 min<\/strong> i agreguem el tom\u00e0quet triturat. Cuinem a foc mig-baix per <strong>5 min<\/strong> sense parar de remoure.<\/span><\/li>\n<li><span style=\"font-family: helveticaneueltstd-c; color: #6a6b6a;\">Finalitzem la paella fregint l&#8217;arr\u00f2s amb el sofregit, escampant-lo per tota la paellera i mullem amb el brou. Quan gaireb\u00e9 estigui ho acabem en el forn fins que s&#8217;assequi.<br \/>\n<\/span><\/li>\n<\/ul>\n<p><span style=\"font-family: helveticaneueltstd-c; color: #6a6b6a;\">Recepta de la nostra xef <strong>Danielli Simoes de Oliveira<\/strong><\/span><\/p>\n<p><span style=\"font-family: helveticaneueltstd-c; color: #6a6b6a;\">Ara ja coneixes una de les nostres millors receptes. I tu, com cuines els bolets?<\/span><\/p>\n<\/div>\n<\/section>\n<\/div>\n<\/div>\n<\/div>\n<\/div>\n<\/div>\n<\/div>\n<\/div>\n[\/vc_column_text][\/vc_column][\/vc_row]\n","protected":false},"excerpt":{"rendered":"<p>[vc_row type=&#8221;in_container&#8221; full_screen_row_position=&#8221;middle&#8221; equal_height=&#8221;yes&#8221; content_placement=&#8221;top&#8221; column_margin=&#8221;default&#8221; scene_position=&#8221;center&#8221; text_color=&#8221;dark&#8221; text_align=&#8221;left&#8221; id=&#8221;Bloque-Introduccion&#8221; overlay_strength=&#8221;0.3&#8243; shape_divider_position=&#8221;bottom&#8221; bg_image_animation=&#8221;none&#8221; shape_type=&#8221;&#8221;][vc_column column_padding=&#8221;no-extra-padding&#8221; column_padding_position=&#8221;all&#8221; background_color_opacity=&#8221;1&#8243; background_hover_color_opacity=&#8221;1&#8243; column_link_target=&#8221;_self&#8221; column_shadow=&#8221;none&#8221; column_border_radius=&#8221;none&#8221; el_class=&#8221;Columna-1&#8243; width=&#8221;1\/3&#8243; tablet_width_inherit=&#8221;default&#8221; tablet_text_alignment=&#8221;default&#8221; phone_text_alignment=&#8221;default&#8221; overlay_strength=&#8221;0.3&#8243; column_border_width=&#8221;none&#8221; column_border_style=&#8221;solid&#8221; bg_image_animation=&#8221;none&#8221;][vc_column_text el_class=&#8221;Titulo-Post&#8221;] RECEPTES EN TEMPS DE BOLETS [\/vc_column_text][image_with_animation image_url=&#8221;309&#8243; alignment=&#8221;&#8221; animation=&#8221;Fade In&#8221; hover_animation=&#8221;none&#8221; border_radius=&#8221;none&#8221; box_shadow=&#8221;none&#8221; image_loading=&#8221;default&#8221; max_width=&#8221;100%&#8221; max_width_mobile=&#8221;default&#8221; el_class=&#8221;Logo-Cabecera&#8221;][\/vc_column][vc_column column_padding=&#8221;no-extra-padding&#8221; column_padding_position=&#8221;all&#8221;&#8230;<\/p>\n","protected":false},"author":2,"featured_media":1332,"comment_status":"closed","ping_status":"open","sticky":false,"template":"","format":"standard","meta":{"_acf_changed":false,"footnotes":""},"categories":[33],"tags":[],"class_list":{"0":"post-1290","1":"post","2":"type-post","3":"status-publish","4":"format-standard","5":"has-post-thumbnail","7":"category-receptes"},"acf":[],"yoast_head":"<!-- This site is optimized with the Yoast SEO plugin v27.3 - https:\/\/yoast.com\/product\/yoast-seo-wordpress\/ -->\n<title>Receptes en temps de bolets dels nostres xefs | Grup Arenal<\/title>\n<meta name=\"description\" content=\"Amb l&#039;arribada de les pluges i el fred de tardor comencen a apar\u00e8ixer els primers bolets. Aquesta tardor teniu receptes en temps de bolets!\" \/>\n<meta name=\"robots\" content=\"index, follow, max-snippet:-1, max-image-preview:large, max-video-preview:-1\" \/>\n<link rel=\"canonical\" href=\"https:\/\/gruparenal.com\/ca\/recetas-en-tiempo-de-setas\/\" \/>\n<meta property=\"og:locale\" content=\"ca_ES\" \/>\n<meta property=\"og:type\" content=\"article\" \/>\n<meta property=\"og:title\" content=\"Receptes en temps de bolets dels nostres xefs | Grup Arenal\" \/>\n<meta property=\"og:description\" content=\"Amb l&#039;arribada de les pluges i el fred de tardor comencen a apar\u00e8ixer els primers bolets. Aquesta tardor teniu receptes en temps de bolets!\" \/>\n<meta property=\"og:url\" content=\"https:\/\/gruparenal.com\/ca\/recetas-en-tiempo-de-setas\/\" \/>\n<meta property=\"og:site_name\" content=\"Grup Arenal\" \/>\n<meta property=\"article:published_time\" content=\"2019-09-30T16:08:28+00:00\" \/>\n<meta property=\"article:modified_time\" content=\"2020-05-06T09:38:32+00:00\" \/>\n<meta property=\"og:image\" content=\"https:\/\/gruparenal.com\/wp-content\/uploads\/2020\/02\/image-3-1024x768.png\" \/>\n\t<meta property=\"og:image:width\" content=\"1024\" \/>\n\t<meta property=\"og:image:height\" content=\"768\" \/>\n\t<meta property=\"og:image:type\" content=\"image\/png\" \/>\n<meta name=\"author\" content=\"Lucia\" \/>\n<meta name=\"twitter:card\" content=\"summary_large_image\" \/>\n<meta name=\"twitter:label1\" content=\"Escrit per\" \/>\n\t<meta name=\"twitter:data1\" content=\"Lucia\" \/>\n\t<meta name=\"twitter:label2\" content=\"Temps estimat de lectura\" \/>\n\t<meta name=\"twitter:data2\" content=\"4 minuts\" \/>\n<script type=\"application\/ld+json\" class=\"yoast-schema-graph\">{\"@context\":\"https:\\\/\\\/schema.org\",\"@graph\":[{\"@type\":\"Article\",\"@id\":\"https:\\\/\\\/gruparenal.com\\\/ca\\\/recetas-en-tiempo-de-setas\\\/#article\",\"isPartOf\":{\"@id\":\"https:\\\/\\\/gruparenal.com\\\/ca\\\/recetas-en-tiempo-de-setas\\\/\"},\"author\":{\"name\":\"Lucia\",\"@id\":\"https:\\\/\\\/gruparenal.com\\\/ca\\\/#\\\/schema\\\/person\\\/6d9ea8ff5d736e55a9d6bf6b6d82b75f\"},\"headline\":\"RECEPTES EN TEMPS DE BOLETS\",\"datePublished\":\"2019-09-30T16:08:28+00:00\",\"dateModified\":\"2020-05-06T09:38:32+00:00\",\"mainEntityOfPage\":{\"@id\":\"https:\\\/\\\/gruparenal.com\\\/ca\\\/recetas-en-tiempo-de-setas\\\/\"},\"wordCount\":779,\"image\":{\"@id\":\"https:\\\/\\\/gruparenal.com\\\/ca\\\/recetas-en-tiempo-de-setas\\\/#primaryimage\"},\"thumbnailUrl\":\"https:\\\/\\\/gruparenal.com\\\/wp-content\\\/uploads\\\/2020\\\/02\\\/image-3.png\",\"articleSection\":[\"Receptes\"],\"inLanguage\":\"ca\"},{\"@type\":\"WebPage\",\"@id\":\"https:\\\/\\\/gruparenal.com\\\/ca\\\/recetas-en-tiempo-de-setas\\\/\",\"url\":\"https:\\\/\\\/gruparenal.com\\\/ca\\\/recetas-en-tiempo-de-setas\\\/\",\"name\":\"Receptes en temps de bolets dels nostres xefs | Grup Arenal\",\"isPartOf\":{\"@id\":\"https:\\\/\\\/gruparenal.com\\\/ca\\\/#website\"},\"primaryImageOfPage\":{\"@id\":\"https:\\\/\\\/gruparenal.com\\\/ca\\\/recetas-en-tiempo-de-setas\\\/#primaryimage\"},\"image\":{\"@id\":\"https:\\\/\\\/gruparenal.com\\\/ca\\\/recetas-en-tiempo-de-setas\\\/#primaryimage\"},\"thumbnailUrl\":\"https:\\\/\\\/gruparenal.com\\\/wp-content\\\/uploads\\\/2020\\\/02\\\/image-3.png\",\"datePublished\":\"2019-09-30T16:08:28+00:00\",\"dateModified\":\"2020-05-06T09:38:32+00:00\",\"author\":{\"@id\":\"https:\\\/\\\/gruparenal.com\\\/ca\\\/#\\\/schema\\\/person\\\/6d9ea8ff5d736e55a9d6bf6b6d82b75f\"},\"description\":\"Amb l'arribada de les pluges i el fred de tardor comencen a apar\u00e8ixer els primers bolets. Aquesta tardor teniu receptes en temps de bolets!\",\"breadcrumb\":{\"@id\":\"https:\\\/\\\/gruparenal.com\\\/ca\\\/recetas-en-tiempo-de-setas\\\/#breadcrumb\"},\"inLanguage\":\"ca\",\"potentialAction\":[{\"@type\":\"ReadAction\",\"target\":[\"https:\\\/\\\/gruparenal.com\\\/ca\\\/recetas-en-tiempo-de-setas\\\/\"]}]},{\"@type\":\"ImageObject\",\"inLanguage\":\"ca\",\"@id\":\"https:\\\/\\\/gruparenal.com\\\/ca\\\/recetas-en-tiempo-de-setas\\\/#primaryimage\",\"url\":\"https:\\\/\\\/gruparenal.com\\\/wp-content\\\/uploads\\\/2020\\\/02\\\/image-3.png\",\"contentUrl\":\"https:\\\/\\\/gruparenal.com\\\/wp-content\\\/uploads\\\/2020\\\/02\\\/image-3.png\",\"width\":1599,\"height\":1200,\"caption\":\"Receptes en temps de bolets\"},{\"@type\":\"BreadcrumbList\",\"@id\":\"https:\\\/\\\/gruparenal.com\\\/ca\\\/recetas-en-tiempo-de-setas\\\/#breadcrumb\",\"itemListElement\":[{\"@type\":\"ListItem\",\"position\":1,\"name\":\"Portada\",\"item\":\"https:\\\/\\\/gruparenal.com\\\/ca\\\/\"},{\"@type\":\"ListItem\",\"position\":2,\"name\":\"RECEPTES EN TEMPS DE BOLETS\"}]},{\"@type\":\"WebSite\",\"@id\":\"https:\\\/\\\/gruparenal.com\\\/ca\\\/#website\",\"url\":\"https:\\\/\\\/gruparenal.com\\\/ca\\\/\",\"name\":\"Grup Arenal\",\"description\":\"Otro sitio realizado con WordPress\",\"potentialAction\":[{\"@type\":\"SearchAction\",\"target\":{\"@type\":\"EntryPoint\",\"urlTemplate\":\"https:\\\/\\\/gruparenal.com\\\/ca\\\/?s={search_term_string}\"},\"query-input\":{\"@type\":\"PropertyValueSpecification\",\"valueRequired\":true,\"valueName\":\"search_term_string\"}}],\"inLanguage\":\"ca\"},{\"@type\":\"Person\",\"@id\":\"https:\\\/\\\/gruparenal.com\\\/ca\\\/#\\\/schema\\\/person\\\/6d9ea8ff5d736e55a9d6bf6b6d82b75f\",\"name\":\"Lucia\",\"image\":{\"@type\":\"ImageObject\",\"inLanguage\":\"ca\",\"@id\":\"https:\\\/\\\/gruparenal.com\\\/wp-content\\\/litespeed\\\/avatar\\\/455dd3eb0b147442b74dae3a6bc714a0.jpg?ver=1777371708\",\"url\":\"https:\\\/\\\/gruparenal.com\\\/wp-content\\\/litespeed\\\/avatar\\\/455dd3eb0b147442b74dae3a6bc714a0.jpg?ver=1777371708\",\"contentUrl\":\"https:\\\/\\\/gruparenal.com\\\/wp-content\\\/litespeed\\\/avatar\\\/455dd3eb0b147442b74dae3a6bc714a0.jpg?ver=1777371708\",\"caption\":\"Lucia\"},\"url\":\"https:\\\/\\\/gruparenal.com\\\/ca\\\/author\\\/4b3cfc7ca0abfa80\\\/\"}]}<\/script>\n<!-- \/ Yoast SEO plugin. -->","yoast_head_json":{"title":"Receptes en temps de bolets dels nostres xefs | Grup Arenal","description":"Amb l'arribada de les pluges i el fred de tardor comencen a apar\u00e8ixer els primers bolets. Aquesta tardor teniu receptes en temps de bolets!","robots":{"index":"index","follow":"follow","max-snippet":"max-snippet:-1","max-image-preview":"max-image-preview:large","max-video-preview":"max-video-preview:-1"},"canonical":"https:\/\/gruparenal.com\/ca\/recetas-en-tiempo-de-setas\/","og_locale":"ca_ES","og_type":"article","og_title":"Receptes en temps de bolets dels nostres xefs | Grup Arenal","og_description":"Amb l'arribada de les pluges i el fred de tardor comencen a apar\u00e8ixer els primers bolets. Aquesta tardor teniu receptes en temps de bolets!","og_url":"https:\/\/gruparenal.com\/ca\/recetas-en-tiempo-de-setas\/","og_site_name":"Grup Arenal","article_published_time":"2019-09-30T16:08:28+00:00","article_modified_time":"2020-05-06T09:38:32+00:00","og_image":[{"width":1024,"height":768,"url":"https:\/\/gruparenal.com\/wp-content\/uploads\/2020\/02\/image-3-1024x768.png","type":"image\/png"}],"author":"Lucia","twitter_card":"summary_large_image","twitter_misc":{"Escrit per":"Lucia","Temps estimat de lectura":"4 minuts"},"schema":{"@context":"https:\/\/schema.org","@graph":[{"@type":"Article","@id":"https:\/\/gruparenal.com\/ca\/recetas-en-tiempo-de-setas\/#article","isPartOf":{"@id":"https:\/\/gruparenal.com\/ca\/recetas-en-tiempo-de-setas\/"},"author":{"name":"Lucia","@id":"https:\/\/gruparenal.com\/ca\/#\/schema\/person\/6d9ea8ff5d736e55a9d6bf6b6d82b75f"},"headline":"RECEPTES EN TEMPS DE BOLETS","datePublished":"2019-09-30T16:08:28+00:00","dateModified":"2020-05-06T09:38:32+00:00","mainEntityOfPage":{"@id":"https:\/\/gruparenal.com\/ca\/recetas-en-tiempo-de-setas\/"},"wordCount":779,"image":{"@id":"https:\/\/gruparenal.com\/ca\/recetas-en-tiempo-de-setas\/#primaryimage"},"thumbnailUrl":"https:\/\/gruparenal.com\/wp-content\/uploads\/2020\/02\/image-3.png","articleSection":["Receptes"],"inLanguage":"ca"},{"@type":"WebPage","@id":"https:\/\/gruparenal.com\/ca\/recetas-en-tiempo-de-setas\/","url":"https:\/\/gruparenal.com\/ca\/recetas-en-tiempo-de-setas\/","name":"Receptes en temps de bolets dels nostres xefs | Grup Arenal","isPartOf":{"@id":"https:\/\/gruparenal.com\/ca\/#website"},"primaryImageOfPage":{"@id":"https:\/\/gruparenal.com\/ca\/recetas-en-tiempo-de-setas\/#primaryimage"},"image":{"@id":"https:\/\/gruparenal.com\/ca\/recetas-en-tiempo-de-setas\/#primaryimage"},"thumbnailUrl":"https:\/\/gruparenal.com\/wp-content\/uploads\/2020\/02\/image-3.png","datePublished":"2019-09-30T16:08:28+00:00","dateModified":"2020-05-06T09:38:32+00:00","author":{"@id":"https:\/\/gruparenal.com\/ca\/#\/schema\/person\/6d9ea8ff5d736e55a9d6bf6b6d82b75f"},"description":"Amb l'arribada de les pluges i el fred de tardor comencen a apar\u00e8ixer els primers bolets. Aquesta tardor teniu receptes en temps de bolets!","breadcrumb":{"@id":"https:\/\/gruparenal.com\/ca\/recetas-en-tiempo-de-setas\/#breadcrumb"},"inLanguage":"ca","potentialAction":[{"@type":"ReadAction","target":["https:\/\/gruparenal.com\/ca\/recetas-en-tiempo-de-setas\/"]}]},{"@type":"ImageObject","inLanguage":"ca","@id":"https:\/\/gruparenal.com\/ca\/recetas-en-tiempo-de-setas\/#primaryimage","url":"https:\/\/gruparenal.com\/wp-content\/uploads\/2020\/02\/image-3.png","contentUrl":"https:\/\/gruparenal.com\/wp-content\/uploads\/2020\/02\/image-3.png","width":1599,"height":1200,"caption":"Receptes en temps de bolets"},{"@type":"BreadcrumbList","@id":"https:\/\/gruparenal.com\/ca\/recetas-en-tiempo-de-setas\/#breadcrumb","itemListElement":[{"@type":"ListItem","position":1,"name":"Portada","item":"https:\/\/gruparenal.com\/ca\/"},{"@type":"ListItem","position":2,"name":"RECEPTES EN TEMPS DE BOLETS"}]},{"@type":"WebSite","@id":"https:\/\/gruparenal.com\/ca\/#website","url":"https:\/\/gruparenal.com\/ca\/","name":"Grup Arenal","description":"Otro sitio realizado con WordPress","potentialAction":[{"@type":"SearchAction","target":{"@type":"EntryPoint","urlTemplate":"https:\/\/gruparenal.com\/ca\/?s={search_term_string}"},"query-input":{"@type":"PropertyValueSpecification","valueRequired":true,"valueName":"search_term_string"}}],"inLanguage":"ca"},{"@type":"Person","@id":"https:\/\/gruparenal.com\/ca\/#\/schema\/person\/6d9ea8ff5d736e55a9d6bf6b6d82b75f","name":"Lucia","image":{"@type":"ImageObject","inLanguage":"ca","@id":"https:\/\/gruparenal.com\/wp-content\/litespeed\/avatar\/455dd3eb0b147442b74dae3a6bc714a0.jpg?ver=1777371708","url":"https:\/\/gruparenal.com\/wp-content\/litespeed\/avatar\/455dd3eb0b147442b74dae3a6bc714a0.jpg?ver=1777371708","contentUrl":"https:\/\/gruparenal.com\/wp-content\/litespeed\/avatar\/455dd3eb0b147442b74dae3a6bc714a0.jpg?ver=1777371708","caption":"Lucia"},"url":"https:\/\/gruparenal.com\/ca\/author\/4b3cfc7ca0abfa80\/"}]}},"_links":{"self":[{"href":"https:\/\/gruparenal.com\/ca\/wp-json\/wp\/v2\/posts\/1290","targetHints":{"allow":["GET"]}}],"collection":[{"href":"https:\/\/gruparenal.com\/ca\/wp-json\/wp\/v2\/posts"}],"about":[{"href":"https:\/\/gruparenal.com\/ca\/wp-json\/wp\/v2\/types\/post"}],"author":[{"embeddable":true,"href":"https:\/\/gruparenal.com\/ca\/wp-json\/wp\/v2\/users\/2"}],"replies":[{"embeddable":true,"href":"https:\/\/gruparenal.com\/ca\/wp-json\/wp\/v2\/comments?post=1290"}],"version-history":[{"count":5,"href":"https:\/\/gruparenal.com\/ca\/wp-json\/wp\/v2\/posts\/1290\/revisions"}],"predecessor-version":[{"id":1703,"href":"https:\/\/gruparenal.com\/ca\/wp-json\/wp\/v2\/posts\/1290\/revisions\/1703"}],"wp:featuredmedia":[{"embeddable":true,"href":"https:\/\/gruparenal.com\/ca\/wp-json\/wp\/v2\/media\/1332"}],"wp:attachment":[{"href":"https:\/\/gruparenal.com\/ca\/wp-json\/wp\/v2\/media?parent=1290"}],"wp:term":[{"taxonomy":"category","embeddable":true,"href":"https:\/\/gruparenal.com\/ca\/wp-json\/wp\/v2\/categories?post=1290"},{"taxonomy":"post_tag","embeddable":true,"href":"https:\/\/gruparenal.com\/ca\/wp-json\/wp\/v2\/tags?post=1290"}],"curies":[{"name":"wp","href":"https:\/\/api.w.org\/{rel}","templated":true}]}}