{"id":1293,"date":"2018-01-26T18:10:55","date_gmt":"2018-01-26T17:10:55","guid":{"rendered":"https:\/\/gruparenal.com\/?p=1293"},"modified":"2020-05-06T11:41:40","modified_gmt":"2020-05-06T09:41:40","slug":"visita-la-confraria-de-pescadors-de-barcelona-i-acaba-el-passeig-amb-un-menu-mariner-al-nostre-restaurant-xup-xup","status":"publish","type":"post","link":"https:\/\/gruparenal.com\/ca\/visita-la-confraria-de-pescadors-de-barcelona-i-acaba-el-passeig-amb-un-menu-mariner-al-nostre-restaurant-xup-xup\/","title":{"rendered":"VISITA LA CONFRARIA DE PESCADORS DE BARCELONA I ACABA EL PASSEIG AMB UN MEN\u00da MARINER EN EL NOSTRE RESTAURANT XUP,XUP"},"content":{"rendered":"[vc_row type=&#8221;in_container&#8221; full_screen_row_position=&#8221;middle&#8221; equal_height=&#8221;yes&#8221; content_placement=&#8221;top&#8221; column_margin=&#8221;default&#8221; scene_position=&#8221;center&#8221; text_color=&#8221;dark&#8221; text_align=&#8221;left&#8221; id=&#8221;Bloque-Introduccion&#8221; overlay_strength=&#8221;0.3&#8243; shape_divider_position=&#8221;bottom&#8221; bg_image_animation=&#8221;none&#8221; shape_type=&#8221;&#8221;][vc_column column_padding=&#8221;no-extra-padding&#8221; column_padding_position=&#8221;all&#8221; background_color_opacity=&#8221;1&#8243; background_hover_color_opacity=&#8221;1&#8243; column_link_target=&#8221;_self&#8221; column_shadow=&#8221;none&#8221; column_border_radius=&#8221;none&#8221; el_class=&#8221;Columna-1&#8243; width=&#8221;1\/3&#8243; tablet_width_inherit=&#8221;default&#8221; tablet_text_alignment=&#8221;default&#8221; phone_text_alignment=&#8221;default&#8221; overlay_strength=&#8221;0.3&#8243; column_border_width=&#8221;none&#8221; column_border_style=&#8221;solid&#8221; bg_image_animation=&#8221;none&#8221;][vc_column_text el_class=&#8221;Titulo-Post&#8221;]\n<h1><span style=\"font-family: frontage-condensed; color: #ffffff;\">VISITA LA CONFRARIA DE PESCADORS DE BARCELONA I ACABA EL PASSEIG AMB UN MEN\u00da MARINER EN EL NOSTRE RESTAURANT XUP,XUP.<\/span><\/h1>\n[\/vc_column_text][image_with_animation image_url=&#8221;309&#8243; alignment=&#8221;&#8221; animation=&#8221;Fade In&#8221; hover_animation=&#8221;none&#8221; border_radius=&#8221;none&#8221; box_shadow=&#8221;none&#8221; image_loading=&#8221;default&#8221; max_width=&#8221;100%&#8221; max_width_mobile=&#8221;default&#8221; el_class=&#8221;Logo-Cabecera&#8221;][\/vc_column][vc_column column_padding=&#8221;no-extra-padding&#8221; column_padding_position=&#8221;all&#8221; background_color_opacity=&#8221;1&#8243; background_hover_color_opacity=&#8221;1&#8243; column_link_target=&#8221;_self&#8221; column_shadow=&#8221;none&#8221; column_border_radius=&#8221;none&#8221; el_class=&#8221;Columna-2&#8243; width=&#8221;2\/3&#8243; tablet_width_inherit=&#8221;default&#8221; tablet_text_alignment=&#8221;default&#8221; phone_text_alignment=&#8221;default&#8221; overlay_strength=&#8221;0.3&#8243; column_border_width=&#8221;none&#8221; column_border_style=&#8221;solid&#8221; bg_image_animation=&#8221;none&#8221;][image_with_animation image_url=&#8221;800&#8243; alignment=&#8221;&#8221; animation=&#8221;Fade In&#8221; hover_animation=&#8221;none&#8221; border_radius=&#8221;none&#8221; box_shadow=&#8221;none&#8221; image_loading=&#8221;default&#8221; max_width=&#8221;100%&#8221; max_width_mobile=&#8221;default&#8221;][\/vc_column][\/vc_row][vc_row type=&#8221;in_container&#8221; full_screen_row_position=&#8221;middle&#8221; column_margin=&#8221;default&#8221; scene_position=&#8221;center&#8221; text_color=&#8221;dark&#8221; text_align=&#8221;left&#8221; overlay_strength=&#8221;0.3&#8243; shape_divider_position=&#8221;bottom&#8221; bg_image_animation=&#8221;none&#8221;][vc_column column_padding=&#8221;no-extra-padding&#8221; column_padding_position=&#8221;all&#8221; background_color_opacity=&#8221;1&#8243; background_hover_color_opacity=&#8221;1&#8243; column_link_target=&#8221;_self&#8221; column_shadow=&#8221;none&#8221; column_border_radius=&#8221;none&#8221; width=&#8221;1\/1&#8243; tablet_width_inherit=&#8221;default&#8221; tablet_text_alignment=&#8221;default&#8221; phone_text_alignment=&#8221;default&#8221; overlay_strength=&#8221;0.3&#8243; column_border_width=&#8221;none&#8221; column_border_style=&#8221;solid&#8221; bg_image_animation=&#8221;none&#8221;][vc_gallery type=&#8221;flickity_style&#8221; images=&#8221;800,806,807,808,809,810,811,812,813,814&#8243; flickity_spacing=&#8221;default&#8221; flickity_controls=&#8221;next_prev_arrows_overlaid&#8221; flickity_overflow=&#8221;hidden&#8221; flickity_wrap_around=&#8221;wrap&#8221; flickity_desktop_columns=&#8221;2&#8243; flickity_small_desktop_columns=&#8221;1&#8243; flickity_tablet_columns=&#8221;1&#8243; flickity_free_scroll=&#8221;true&#8221; flickity_autoplay=&#8221;true&#8221; flickity_box_shadow=&#8221;none&#8221; image_loading=&#8221;default&#8221; onclick=&#8221;link_image&#8221;][\/vc_column][\/vc_row][vc_row type=&#8221;in_container&#8221; full_screen_row_position=&#8221;middle&#8221; column_margin=&#8221;default&#8221; scene_position=&#8221;center&#8221; text_color=&#8221;dark&#8221; text_align=&#8221;left&#8221; overlay_strength=&#8221;0.3&#8243; shape_divider_position=&#8221;bottom&#8221; bg_image_animation=&#8221;none&#8221;][vc_column column_padding=&#8221;no-extra-padding&#8221; column_padding_position=&#8221;all&#8221; background_color_opacity=&#8221;1&#8243; background_hover_color_opacity=&#8221;1&#8243; column_link_target=&#8221;_self&#8221; column_shadow=&#8221;none&#8221; column_border_radius=&#8221;none&#8221; width=&#8221;1\/1&#8243; tablet_width_inherit=&#8221;default&#8221; tablet_text_alignment=&#8221;default&#8221; phone_text_alignment=&#8221;default&#8221; overlay_strength=&#8221;0.3&#8243; column_border_width=&#8221;none&#8221; column_border_style=&#8221;solid&#8221; bg_image_animation=&#8221;none&#8221;][vc_column_text]\n<div class=\"page\" title=\"Page 11\">\n<div class=\"section\">\n<div class=\"layoutArea\">\n<div class=\"column\">\n<div class=\"post-entry post-entry-type-page post-entry-3636\">\n<div class=\"entry-content-wrapper clearfix\">\n<div class=\"av-special-heading av-special-heading-h1 avia-builder-el-0 el_before_av_slideshow avia-builder-el-first \">\n<div class=\"template-page content av-content-full alpha units\">\n<div class=\"post-entry post-entry-type-page post-entry-1979\">\n<div class=\"entry-content-wrapper clearfix\">\n<section class=\"av_textblock_section \">\n<div class=\"avia_textblock \">\n<section class=\"av_textblock_section \">\n<div class=\"avia_textblock \">\n<p><span style=\"font-family: helveticaneueltstd-c; color: #6a6b6a;\"><strong>T&#8217;apassiona a parts iguals la hist\u00f2ria i el bon menjar?\u00a0<\/strong><\/span><\/p>\n<h2><span style=\"font-family: helveticaneueltstd-c; color: #6a6b6a;\">Visita la confraria de pescadors de Barcelona i acaba el passeig amb un men\u00fa mariner en el nostre restaurant Xup,Xup.<\/span><\/h2>\n<p><span style=\"font-family: helveticaneueltstd-c; color: #6a6b6a;\">Grup Arenal et brinda l&#8217;oportunitat de viure una experi\u00e8ncia \u00fanica en la qual podr\u00e0s gaudir d&#8217;una visita guiada a la <a href=\"http:\/\/www.confrariapescadorsbarcelona.com\/\" target=\"_blank\" rel=\"noopener noreferrer nofollow\"><strong>Confraria de Pescadors de Barcelona<\/strong><\/a> que acaba amb la degustaci\u00f3 d&#8217;un men\u00fa mariner en el <a href=\"https:\/\/gruparenal.com\/ca\/xup-xup\/\"><strong>restaurant Xup,Xup<\/strong><\/a>, elaborat amb peix marca &#8220;<a href=\"http:\/\/agricultura.gencat.cat\/ca\/ambits\/pesca\/dar_comercialitzacio_peix\/dar_promocio_i_consum\/dar_peix_salvatge_marca_registrada\/#FW_bloc_523160e3-f560-11e3-abde-000c29cdf219_4\" target=\"_blank\" rel=\"noopener noreferrer nofollow\"><strong>Peix de la Barceloneta<\/strong><\/a>&#8220;, de la llotja de la Confraria de Pescadors de Barceloneta. <\/span><\/p>\n<p><span style=\"font-family: helveticaneueltstd-c; color: #6a6b6a;\">Coneix la tradici\u00f3 i l&#8217;origen de la gastronomia de la Barceloneta, la hist\u00f2ria que s&#8217;amaga darrere de cada moll, cada amarratge i cada vaixell pesquer. Aprofita l&#8217;oportunitat de visitar les sales, molls i patis de la Confraria. Parla sobre els seus or\u00edgens i els seus m\u00e8todes de pesca amb els mateixos pescadors, accedeix als pentanals per a rebre als mariners amb la pesca del dia i gaudeix de l&#8217;ocasi\u00f3 de formar part de la venda en la Llotja.<\/span><\/p>\n<p><span style=\"font-family: helveticaneueltstd-c; color: #6a6b6a;\">\u00c9s una oportunitat \u00fanica!<\/span><\/p>\n<\/div>\n<\/section>\n<section class=\"av_textblock_section \">\n<div class=\"avia_textblock \">\n<h3><span style=\"font-family: helveticaneueltstd-c; color: #6a6b6a;\">I que millor manera d&#8217;acabar la visita que amb un excel\u00b7lent men\u00fa mariner en un restaurant a peu de mar?<\/span><\/h3>\n<section class=\"av_textblock_section \">\n<div class=\"avia_textblock \">\n<p><span style=\"font-family: helveticaneueltstd-c; color: #6a6b6a;\">Aix\u00ed, el men\u00fa mariner de <a href=\"https:\/\/gruparenal.com\/ca\/xup-xup\/\"><strong>Xup,Xup<\/strong><\/a>, format per una degustaci\u00f3 de tapes per a compartir, seguit d&#8217;un ranxo mariner i acompanyat del seu magn\u00edfic celler, ser\u00e0 la guinda del past\u00eds d&#8217;una experi\u00e8ncia per a comptar.<\/span><\/p>\n<\/div>\n<\/section>\n<\/div>\n<\/section>\n<\/div>\n<\/section>\n<\/div>\n<\/div>\n<\/div>\n<\/div>\n<\/div>\n<\/div>\n<\/div>\n<\/div>\n<\/div>\n<\/div>\n[\/vc_column_text][\/vc_column][\/vc_row][vc_row type=&#8221;in_container&#8221; full_screen_row_position=&#8221;middle&#8221; equal_height=&#8221;yes&#8221; content_placement=&#8221;middle&#8221; column_margin=&#8221;default&#8221; scene_position=&#8221;center&#8221; text_color=&#8221;dark&#8221; text_align=&#8221;left&#8221; overlay_strength=&#8221;0.3&#8243; shape_divider_position=&#8221;bottom&#8221; bg_image_animation=&#8221;none&#8221; shape_type=&#8221;&#8221;][vc_column column_padding=&#8221;no-extra-padding&#8221; column_padding_position=&#8221;all&#8221; background_color_opacity=&#8221;1&#8243; background_hover_color_opacity=&#8221;1&#8243; column_link_target=&#8221;_self&#8221; column_shadow=&#8221;none&#8221; column_border_radius=&#8221;none&#8221; width=&#8221;1\/2&#8243; tablet_width_inherit=&#8221;default&#8221; tablet_text_alignment=&#8221;default&#8221; phone_text_alignment=&#8221;default&#8221; overlay_strength=&#8221;0.3&#8243; column_border_width=&#8221;none&#8221; column_border_style=&#8221;solid&#8221; bg_image_animation=&#8221;none&#8221;][image_with_animation image_url=&#8221;801&#8243; alignment=&#8221;&#8221; animation=&#8221;Fade In&#8221; hover_animation=&#8221;none&#8221; border_radius=&#8221;none&#8221; box_shadow=&#8221;none&#8221; image_loading=&#8221;default&#8221; max_width=&#8221;100%&#8221; max_width_mobile=&#8221;default&#8221;][\/vc_column][vc_column column_padding=&#8221;no-extra-padding&#8221; column_padding_position=&#8221;all&#8221; background_color_opacity=&#8221;1&#8243; background_hover_color_opacity=&#8221;1&#8243; column_link_target=&#8221;_self&#8221; column_shadow=&#8221;none&#8221; column_border_radius=&#8221;none&#8221; width=&#8221;1\/2&#8243; tablet_width_inherit=&#8221;default&#8221; tablet_text_alignment=&#8221;default&#8221; phone_text_alignment=&#8221;default&#8221; overlay_strength=&#8221;0.3&#8243; column_border_width=&#8221;none&#8221; column_border_style=&#8221;solid&#8221; bg_image_animation=&#8221;none&#8221;][vc_column_text]\n<section class=\"av_textblock_section \">\n<div class=\"avia_textblock \">\n<h4><span style=\"font-family: helveticaneueltstd-c; color: #6a6b6a;\">Preus:<\/span><\/h4>\n<h4><span style=\"font-family: helveticaneueltstd-c; color: #6a6b6a;\">Visita + Degustaci\u00f3 Tapes Marineres = 35 euros.<\/span><\/h4>\n<h4><span style=\"font-family: helveticaneueltstd-c; color: #6a6b6a;\">Visita + Men\u00fa Mariner = 50 euros.<\/span><\/h4>\n<p>&nbsp;<\/p>\n<h4 class=\"p1\"><\/h4>\n<\/div>\n<\/section>\n<div class=\"hr hr-invisible avia-builder-el-8 el_after_av_textblock el_before_av_textblock \"><\/div>\n<section class=\"av_textblock_section \">\n<div class=\"avia_textblock \">\n<h4><span style=\"font-family: helveticaneueltstd-c; color: #6a6b6a;\">Horaris:<\/span><\/h4>\n<h4><span style=\"font-family: helveticaneueltstd-c; color: #6a6b6a;\">La visita es pot fer de dilluns a divendres i l&#8217;horari \u00e9s de 13.30 a 17.30.<br \/>\n<\/span><\/h4>\n<\/div>\n<\/section>\n[\/vc_column_text][\/vc_column][\/vc_row][vc_row type=&#8221;in_container&#8221; full_screen_row_position=&#8221;middle&#8221; column_margin=&#8221;default&#8221; scene_position=&#8221;center&#8221; text_color=&#8221;dark&#8221; text_align=&#8221;left&#8221; overlay_strength=&#8221;0.3&#8243; shape_divider_position=&#8221;bottom&#8221; bg_image_animation=&#8221;none&#8221;][vc_column column_padding=&#8221;no-extra-padding&#8221; column_padding_position=&#8221;all&#8221; background_color_opacity=&#8221;1&#8243; background_hover_color_opacity=&#8221;1&#8243; column_link_target=&#8221;_self&#8221; column_shadow=&#8221;none&#8221; column_border_radius=&#8221;none&#8221; width=&#8221;1\/1&#8243; tablet_width_inherit=&#8221;default&#8221; tablet_text_alignment=&#8221;default&#8221; phone_text_alignment=&#8221;default&#8221; overlay_strength=&#8221;0.3&#8243; column_border_width=&#8221;none&#8221; column_border_style=&#8221;solid&#8221; bg_image_animation=&#8221;none&#8221;][vc_column_text]\n<div class=\"template-page content av-content-full alpha units\">\n<div class=\"post-entry post-entry-type-page post-entry-1979\">\n<div class=\"entry-content-wrapper clearfix\">\n<section class=\"av_textblock_section \">\n<div class=\"avia_textblock \">\n<section class=\"av_textblock_section \">\n<div class=\"avia_textblock \">\n<p class=\"p2\"><span style=\"font-family: helveticaneueltstd-c; color: #6a6b6a;\"><strong><span class=\"s2\">Esquema de l&#8217;activitat completa<\/span><\/strong><\/span><\/p>\n<p class=\"p2\"><span class=\"s2\" style=\"font-family: helveticaneueltstd-c; color: #6a6b6a;\">13.30 a 15.00: Tapes o menjar mariner en el Xup,Xup.<\/span><\/p>\n<p class=\"p2\"><span class=\"s2\" style=\"font-family: helveticaneueltstd-c; color: #6a6b6a;\">15.30: Inici de la visita. S&#8217;ensenya el pati de xarxes d&#8217;arrossegament i l&#8217;arribada dels vaixells al moll de de r\u00f2ssec. Es visita tamb\u00e9 el moll d&#8217;arts menors.<\/span><\/p>\n<p class=\"p2\"><span class=\"s2\" style=\"font-family: helveticaneueltstd-c; color: #6a6b6a;\">16.30: S&#8217;assisteix a la subhasta en directa<br \/>\n<\/span><\/p>\n<p class=\"p2\"><span class=\"s2\" style=\"font-family: helveticaneueltstd-c; color: #6a6b6a;\">16.50: S&#8217;ensenya el moll dels vaixells de c\u00e8rcol<br \/>\n<\/span><\/p>\n<p class=\"p2\"><span class=\"s2\" style=\"font-family: helveticaneueltstd-c; color: #6a6b6a;\">17.10: Explicaci\u00f3 de la hist\u00f2ria de la Torre del Rellotge<br \/>\n<\/span><\/p>\n<p class=\"p2\"><span class=\"s2\" style=\"font-family: helveticaneueltstd-c; color: #6a6b6a;\">17.30: Se us acompanya a la sortida<br \/>\n<\/span><\/p>\n<\/div>\n<\/section>\n<div class=\"hr hr-invisible avia-builder-el-12 el_after_av_textblock el_before_av_textblock \"><\/div>\n<section class=\"av_textblock_section \">\n<div class=\"avia_textblock \">\n<h4><\/h4>\n<section class=\"av_textblock_section \">\n<div class=\"avia_textblock \">\n<p><span style=\"font-family: helveticaneueltstd-c; color: #6a6b6a;\"><strong>Per a m\u00e9s informaci\u00f3 contactar amb:<\/strong><\/span><\/p>\n<p><span style=\"font-family: helveticaneueltstd-c; color: #6a6b6a;\">Jordi Fan\u00e9,<\/span><\/p>\n<p><span style=\"font-family: helveticaneueltstd-c; color: #6a6b6a;\">jordi@gruparenal.com<\/span><\/p>\n<p><span style=\"font-family: helveticaneueltstd-c; color: #6a6b6a;\">Tamb\u00e9 ens podeu telefonar al <strong>932 24 03 53<\/strong><br \/>\n<\/span><\/p>\n<\/div>\n<\/section>\n<\/div>\n<\/section>\n<\/div>\n<\/section>\n<\/div>\n<\/div>\n<\/div>\n[\/vc_column_text][\/vc_column][\/vc_row][vc_row type=&#8221;in_container&#8221; full_screen_row_position=&#8221;middle&#8221; column_margin=&#8221;default&#8221; scene_position=&#8221;center&#8221; text_color=&#8221;dark&#8221; text_align=&#8221;left&#8221; overlay_strength=&#8221;0.3&#8243; shape_divider_position=&#8221;bottom&#8221; bg_image_animation=&#8221;none&#8221;][vc_column column_padding=&#8221;no-extra-padding&#8221; column_padding_position=&#8221;all&#8221; background_color_opacity=&#8221;1&#8243; background_hover_color_opacity=&#8221;1&#8243; column_link_target=&#8221;_self&#8221; column_shadow=&#8221;none&#8221; column_border_radius=&#8221;none&#8221; width=&#8221;1\/1&#8243; tablet_width_inherit=&#8221;default&#8221; tablet_text_alignment=&#8221;default&#8221; phone_text_alignment=&#8221;default&#8221; overlay_strength=&#8221;0.3&#8243; column_border_width=&#8221;none&#8221; column_border_style=&#8221;solid&#8221; bg_image_animation=&#8221;none&#8221;][image_with_animation image_url=&#8221;804&#8243; alignment=&#8221;center&#8221; animation=&#8221;Fade In&#8221; hover_animation=&#8221;none&#8221; border_radius=&#8221;none&#8221; box_shadow=&#8221;none&#8221; image_loading=&#8221;default&#8221; max_width=&#8221;100%&#8221; max_width_mobile=&#8221;default&#8221;][\/vc_column][\/vc_row]\n","protected":false},"excerpt":{"rendered":"<p>[vc_row type=&#8221;in_container&#8221; full_screen_row_position=&#8221;middle&#8221; equal_height=&#8221;yes&#8221; content_placement=&#8221;top&#8221; column_margin=&#8221;default&#8221; scene_position=&#8221;center&#8221; text_color=&#8221;dark&#8221; text_align=&#8221;left&#8221; id=&#8221;Bloque-Introduccion&#8221; overlay_strength=&#8221;0.3&#8243; shape_divider_position=&#8221;bottom&#8221; bg_image_animation=&#8221;none&#8221; shape_type=&#8221;&#8221;][vc_column column_padding=&#8221;no-extra-padding&#8221; column_padding_position=&#8221;all&#8221; background_color_opacity=&#8221;1&#8243; background_hover_color_opacity=&#8221;1&#8243; column_link_target=&#8221;_self&#8221; column_shadow=&#8221;none&#8221; column_border_radius=&#8221;none&#8221; el_class=&#8221;Columna-1&#8243; width=&#8221;1\/3&#8243; tablet_width_inherit=&#8221;default&#8221; tablet_text_alignment=&#8221;default&#8221; phone_text_alignment=&#8221;default&#8221; overlay_strength=&#8221;0.3&#8243; column_border_width=&#8221;none&#8221; column_border_style=&#8221;solid&#8221; bg_image_animation=&#8221;none&#8221;][vc_column_text el_class=&#8221;Titulo-Post&#8221;] VISITA LA CONFRARIA DE PESCADORS DE BARCELONA I ACABA EL PASSEIG AMB UN MEN\u00da MARINER EN EL NOSTRE RESTAURANT&#8230;<\/p>\n","protected":false},"author":2,"featured_media":1336,"comment_status":"closed","ping_status":"open","sticky":false,"template":"","format":"standard","meta":{"_acf_changed":false,"footnotes":""},"categories":[40],"tags":[],"class_list":{"0":"post-1293","1":"post","2":"type-post","3":"status-publish","4":"format-standard","5":"has-post-thumbnail","7":"category-confraria-de-pescadors"},"acf":[],"yoast_head":"<!-- This site is optimized with the Yoast SEO plugin v27.3 - https:\/\/yoast.com\/product\/yoast-seo-wordpress\/ -->\n<title>Visita la confraria de Barcelona i Men\u00fa mariner a Xup,Xup | Grup Arenal<\/title>\n<meta name=\"description\" content=\"A Grup Arenal podr\u00e0s gaudir d&#039;una visita guiada a la Confraria de Pescadors de Barcelona i la degustaci\u00f3 d&#039;un men\u00fa mariner en el restaurant Xup,Xup.\" \/>\n<meta name=\"robots\" content=\"index, follow, max-snippet:-1, max-image-preview:large, max-video-preview:-1\" \/>\n<link rel=\"canonical\" href=\"https:\/\/gruparenal.com\/ca\/visita-la-confraria-de-pescadors-de-barcelona-i-acaba-el-passeig-amb-un-menu-mariner-al-nostre-restaurant-xup-xup\/\" \/>\n<meta property=\"og:locale\" content=\"ca_ES\" \/>\n<meta property=\"og:type\" content=\"article\" \/>\n<meta property=\"og:title\" content=\"Visita la confraria de Barcelona i Men\u00fa mariner a Xup,Xup | Grup Arenal\" \/>\n<meta property=\"og:description\" content=\"A Grup Arenal podr\u00e0s gaudir d&#039;una visita guiada a la Confraria de Pescadors de Barcelona i la degustaci\u00f3 d&#039;un men\u00fa mariner en el restaurant Xup,Xup.\" \/>\n<meta property=\"og:url\" content=\"https:\/\/gruparenal.com\/ca\/visita-la-confraria-de-pescadors-de-barcelona-i-acaba-el-passeig-amb-un-menu-mariner-al-nostre-restaurant-xup-xup\/\" \/>\n<meta property=\"og:site_name\" content=\"Grup Arenal\" \/>\n<meta property=\"article:published_time\" content=\"2018-01-26T17:10:55+00:00\" \/>\n<meta property=\"article:modified_time\" content=\"2020-05-06T09:41:40+00:00\" \/>\n<meta property=\"og:image\" content=\"https:\/\/gruparenal.com\/wp-content\/uploads\/2020\/02\/image-15.png\" \/>\n\t<meta property=\"og:image:width\" content=\"2080\" \/>\n\t<meta property=\"og:image:height\" content=\"1383\" \/>\n\t<meta property=\"og:image:type\" content=\"image\/png\" \/>\n<meta name=\"author\" content=\"Lucia\" \/>\n<meta name=\"twitter:card\" content=\"summary_large_image\" \/>\n<meta name=\"twitter:label1\" content=\"Escrit per\" \/>\n\t<meta name=\"twitter:data1\" content=\"Lucia\" \/>\n\t<meta name=\"twitter:label2\" content=\"Temps estimat de lectura\" \/>\n\t<meta name=\"twitter:data2\" content=\"6 minuts\" \/>\n<script type=\"application\/ld+json\" class=\"yoast-schema-graph\">{\"@context\":\"https:\\\/\\\/schema.org\",\"@graph\":[{\"@type\":\"Article\",\"@id\":\"https:\\\/\\\/gruparenal.com\\\/ca\\\/visita-la-confraria-de-pescadors-de-barcelona-i-acaba-el-passeig-amb-un-menu-mariner-al-nostre-restaurant-xup-xup\\\/#article\",\"isPartOf\":{\"@id\":\"https:\\\/\\\/gruparenal.com\\\/ca\\\/visita-la-confraria-de-pescadors-de-barcelona-i-acaba-el-passeig-amb-un-menu-mariner-al-nostre-restaurant-xup-xup\\\/\"},\"author\":{\"name\":\"Lucia\",\"@id\":\"https:\\\/\\\/gruparenal.com\\\/ca\\\/#\\\/schema\\\/person\\\/6d9ea8ff5d736e55a9d6bf6b6d82b75f\"},\"headline\":\"VISITA LA CONFRARIA DE PESCADORS DE BARCELONA I ACABA EL PASSEIG AMB UN MEN\u00da MARINER EN EL NOSTRE RESTAURANT XUP,XUP\",\"datePublished\":\"2018-01-26T17:10:55+00:00\",\"dateModified\":\"2020-05-06T09:41:40+00:00\",\"mainEntityOfPage\":{\"@id\":\"https:\\\/\\\/gruparenal.com\\\/ca\\\/visita-la-confraria-de-pescadors-de-barcelona-i-acaba-el-passeig-amb-un-menu-mariner-al-nostre-restaurant-xup-xup\\\/\"},\"wordCount\":1254,\"image\":{\"@id\":\"https:\\\/\\\/gruparenal.com\\\/ca\\\/visita-la-confraria-de-pescadors-de-barcelona-i-acaba-el-passeig-amb-un-menu-mariner-al-nostre-restaurant-xup-xup\\\/#primaryimage\"},\"thumbnailUrl\":\"https:\\\/\\\/gruparenal.com\\\/wp-content\\\/uploads\\\/2020\\\/02\\\/image-15.png\",\"articleSection\":[\"Confraria de Pescadors\"],\"inLanguage\":\"ca\"},{\"@type\":\"WebPage\",\"@id\":\"https:\\\/\\\/gruparenal.com\\\/ca\\\/visita-la-confraria-de-pescadors-de-barcelona-i-acaba-el-passeig-amb-un-menu-mariner-al-nostre-restaurant-xup-xup\\\/\",\"url\":\"https:\\\/\\\/gruparenal.com\\\/ca\\\/visita-la-confraria-de-pescadors-de-barcelona-i-acaba-el-passeig-amb-un-menu-mariner-al-nostre-restaurant-xup-xup\\\/\",\"name\":\"Visita la confraria de Barcelona i Men\u00fa mariner a Xup,Xup | Grup Arenal\",\"isPartOf\":{\"@id\":\"https:\\\/\\\/gruparenal.com\\\/ca\\\/#website\"},\"primaryImageOfPage\":{\"@id\":\"https:\\\/\\\/gruparenal.com\\\/ca\\\/visita-la-confraria-de-pescadors-de-barcelona-i-acaba-el-passeig-amb-un-menu-mariner-al-nostre-restaurant-xup-xup\\\/#primaryimage\"},\"image\":{\"@id\":\"https:\\\/\\\/gruparenal.com\\\/ca\\\/visita-la-confraria-de-pescadors-de-barcelona-i-acaba-el-passeig-amb-un-menu-mariner-al-nostre-restaurant-xup-xup\\\/#primaryimage\"},\"thumbnailUrl\":\"https:\\\/\\\/gruparenal.com\\\/wp-content\\\/uploads\\\/2020\\\/02\\\/image-15.png\",\"datePublished\":\"2018-01-26T17:10:55+00:00\",\"dateModified\":\"2020-05-06T09:41:40+00:00\",\"author\":{\"@id\":\"https:\\\/\\\/gruparenal.com\\\/ca\\\/#\\\/schema\\\/person\\\/6d9ea8ff5d736e55a9d6bf6b6d82b75f\"},\"description\":\"A Grup Arenal podr\u00e0s gaudir d'una visita guiada a la Confraria de Pescadors de Barcelona i la degustaci\u00f3 d'un men\u00fa mariner en el restaurant Xup,Xup.\",\"breadcrumb\":{\"@id\":\"https:\\\/\\\/gruparenal.com\\\/ca\\\/visita-la-confraria-de-pescadors-de-barcelona-i-acaba-el-passeig-amb-un-menu-mariner-al-nostre-restaurant-xup-xup\\\/#breadcrumb\"},\"inLanguage\":\"ca\",\"potentialAction\":[{\"@type\":\"ReadAction\",\"target\":[\"https:\\\/\\\/gruparenal.com\\\/ca\\\/visita-la-confraria-de-pescadors-de-barcelona-i-acaba-el-passeig-amb-un-menu-mariner-al-nostre-restaurant-xup-xup\\\/\"]}]},{\"@type\":\"ImageObject\",\"inLanguage\":\"ca\",\"@id\":\"https:\\\/\\\/gruparenal.com\\\/ca\\\/visita-la-confraria-de-pescadors-de-barcelona-i-acaba-el-passeig-amb-un-menu-mariner-al-nostre-restaurant-xup-xup\\\/#primaryimage\",\"url\":\"https:\\\/\\\/gruparenal.com\\\/wp-content\\\/uploads\\\/2020\\\/02\\\/image-15.png\",\"contentUrl\":\"https:\\\/\\\/gruparenal.com\\\/wp-content\\\/uploads\\\/2020\\\/02\\\/image-15.png\",\"width\":2080,\"height\":1383,\"caption\":\"Visita la confraria de pescadors de Barcelona i acaba el passeig amb un men\u00fa mariner en el nostre restaurant Xup,Xup.\"},{\"@type\":\"BreadcrumbList\",\"@id\":\"https:\\\/\\\/gruparenal.com\\\/ca\\\/visita-la-confraria-de-pescadors-de-barcelona-i-acaba-el-passeig-amb-un-menu-mariner-al-nostre-restaurant-xup-xup\\\/#breadcrumb\",\"itemListElement\":[{\"@type\":\"ListItem\",\"position\":1,\"name\":\"Portada\",\"item\":\"https:\\\/\\\/gruparenal.com\\\/ca\\\/\"},{\"@type\":\"ListItem\",\"position\":2,\"name\":\"VISITA LA CONFRARIA DE PESCADORS DE BARCELONA I ACABA EL PASSEIG AMB UN MEN\u00da MARINER EN EL NOSTRE RESTAURANT XUP,XUP\"}]},{\"@type\":\"WebSite\",\"@id\":\"https:\\\/\\\/gruparenal.com\\\/ca\\\/#website\",\"url\":\"https:\\\/\\\/gruparenal.com\\\/ca\\\/\",\"name\":\"Grup Arenal\",\"description\":\"Otro sitio realizado con WordPress\",\"potentialAction\":[{\"@type\":\"SearchAction\",\"target\":{\"@type\":\"EntryPoint\",\"urlTemplate\":\"https:\\\/\\\/gruparenal.com\\\/ca\\\/?s={search_term_string}\"},\"query-input\":{\"@type\":\"PropertyValueSpecification\",\"valueRequired\":true,\"valueName\":\"search_term_string\"}}],\"inLanguage\":\"ca\"},{\"@type\":\"Person\",\"@id\":\"https:\\\/\\\/gruparenal.com\\\/ca\\\/#\\\/schema\\\/person\\\/6d9ea8ff5d736e55a9d6bf6b6d82b75f\",\"name\":\"Lucia\",\"image\":{\"@type\":\"ImageObject\",\"inLanguage\":\"ca\",\"@id\":\"https:\\\/\\\/gruparenal.com\\\/wp-content\\\/litespeed\\\/avatar\\\/455dd3eb0b147442b74dae3a6bc714a0.jpg?ver=1777371708\",\"url\":\"https:\\\/\\\/gruparenal.com\\\/wp-content\\\/litespeed\\\/avatar\\\/455dd3eb0b147442b74dae3a6bc714a0.jpg?ver=1777371708\",\"contentUrl\":\"https:\\\/\\\/gruparenal.com\\\/wp-content\\\/litespeed\\\/avatar\\\/455dd3eb0b147442b74dae3a6bc714a0.jpg?ver=1777371708\",\"caption\":\"Lucia\"},\"url\":\"https:\\\/\\\/gruparenal.com\\\/ca\\\/author\\\/4b3cfc7ca0abfa80\\\/\"}]}<\/script>\n<!-- \/ Yoast SEO plugin. -->","yoast_head_json":{"title":"Visita la confraria de Barcelona i Men\u00fa mariner a Xup,Xup | Grup Arenal","description":"A Grup Arenal podr\u00e0s gaudir d'una visita guiada a la Confraria de Pescadors de Barcelona i la degustaci\u00f3 d'un men\u00fa mariner en el restaurant Xup,Xup.","robots":{"index":"index","follow":"follow","max-snippet":"max-snippet:-1","max-image-preview":"max-image-preview:large","max-video-preview":"max-video-preview:-1"},"canonical":"https:\/\/gruparenal.com\/ca\/visita-la-confraria-de-pescadors-de-barcelona-i-acaba-el-passeig-amb-un-menu-mariner-al-nostre-restaurant-xup-xup\/","og_locale":"ca_ES","og_type":"article","og_title":"Visita la confraria de Barcelona i Men\u00fa mariner a Xup,Xup | Grup Arenal","og_description":"A Grup Arenal podr\u00e0s gaudir d'una visita guiada a la Confraria de Pescadors de Barcelona i la degustaci\u00f3 d'un men\u00fa mariner en el restaurant Xup,Xup.","og_url":"https:\/\/gruparenal.com\/ca\/visita-la-confraria-de-pescadors-de-barcelona-i-acaba-el-passeig-amb-un-menu-mariner-al-nostre-restaurant-xup-xup\/","og_site_name":"Grup Arenal","article_published_time":"2018-01-26T17:10:55+00:00","article_modified_time":"2020-05-06T09:41:40+00:00","og_image":[{"width":2080,"height":1383,"url":"https:\/\/gruparenal.com\/wp-content\/uploads\/2020\/02\/image-15.png","type":"image\/png"}],"author":"Lucia","twitter_card":"summary_large_image","twitter_misc":{"Escrit per":"Lucia","Temps estimat de lectura":"6 minuts"},"schema":{"@context":"https:\/\/schema.org","@graph":[{"@type":"Article","@id":"https:\/\/gruparenal.com\/ca\/visita-la-confraria-de-pescadors-de-barcelona-i-acaba-el-passeig-amb-un-menu-mariner-al-nostre-restaurant-xup-xup\/#article","isPartOf":{"@id":"https:\/\/gruparenal.com\/ca\/visita-la-confraria-de-pescadors-de-barcelona-i-acaba-el-passeig-amb-un-menu-mariner-al-nostre-restaurant-xup-xup\/"},"author":{"name":"Lucia","@id":"https:\/\/gruparenal.com\/ca\/#\/schema\/person\/6d9ea8ff5d736e55a9d6bf6b6d82b75f"},"headline":"VISITA LA CONFRARIA DE PESCADORS DE BARCELONA I ACABA EL PASSEIG AMB UN MEN\u00da MARINER EN EL NOSTRE RESTAURANT XUP,XUP","datePublished":"2018-01-26T17:10:55+00:00","dateModified":"2020-05-06T09:41:40+00:00","mainEntityOfPage":{"@id":"https:\/\/gruparenal.com\/ca\/visita-la-confraria-de-pescadors-de-barcelona-i-acaba-el-passeig-amb-un-menu-mariner-al-nostre-restaurant-xup-xup\/"},"wordCount":1254,"image":{"@id":"https:\/\/gruparenal.com\/ca\/visita-la-confraria-de-pescadors-de-barcelona-i-acaba-el-passeig-amb-un-menu-mariner-al-nostre-restaurant-xup-xup\/#primaryimage"},"thumbnailUrl":"https:\/\/gruparenal.com\/wp-content\/uploads\/2020\/02\/image-15.png","articleSection":["Confraria de Pescadors"],"inLanguage":"ca"},{"@type":"WebPage","@id":"https:\/\/gruparenal.com\/ca\/visita-la-confraria-de-pescadors-de-barcelona-i-acaba-el-passeig-amb-un-menu-mariner-al-nostre-restaurant-xup-xup\/","url":"https:\/\/gruparenal.com\/ca\/visita-la-confraria-de-pescadors-de-barcelona-i-acaba-el-passeig-amb-un-menu-mariner-al-nostre-restaurant-xup-xup\/","name":"Visita la confraria de Barcelona i Men\u00fa mariner a Xup,Xup | Grup Arenal","isPartOf":{"@id":"https:\/\/gruparenal.com\/ca\/#website"},"primaryImageOfPage":{"@id":"https:\/\/gruparenal.com\/ca\/visita-la-confraria-de-pescadors-de-barcelona-i-acaba-el-passeig-amb-un-menu-mariner-al-nostre-restaurant-xup-xup\/#primaryimage"},"image":{"@id":"https:\/\/gruparenal.com\/ca\/visita-la-confraria-de-pescadors-de-barcelona-i-acaba-el-passeig-amb-un-menu-mariner-al-nostre-restaurant-xup-xup\/#primaryimage"},"thumbnailUrl":"https:\/\/gruparenal.com\/wp-content\/uploads\/2020\/02\/image-15.png","datePublished":"2018-01-26T17:10:55+00:00","dateModified":"2020-05-06T09:41:40+00:00","author":{"@id":"https:\/\/gruparenal.com\/ca\/#\/schema\/person\/6d9ea8ff5d736e55a9d6bf6b6d82b75f"},"description":"A Grup Arenal podr\u00e0s gaudir d'una visita guiada a la Confraria de Pescadors de Barcelona i la degustaci\u00f3 d'un men\u00fa mariner en el restaurant Xup,Xup.","breadcrumb":{"@id":"https:\/\/gruparenal.com\/ca\/visita-la-confraria-de-pescadors-de-barcelona-i-acaba-el-passeig-amb-un-menu-mariner-al-nostre-restaurant-xup-xup\/#breadcrumb"},"inLanguage":"ca","potentialAction":[{"@type":"ReadAction","target":["https:\/\/gruparenal.com\/ca\/visita-la-confraria-de-pescadors-de-barcelona-i-acaba-el-passeig-amb-un-menu-mariner-al-nostre-restaurant-xup-xup\/"]}]},{"@type":"ImageObject","inLanguage":"ca","@id":"https:\/\/gruparenal.com\/ca\/visita-la-confraria-de-pescadors-de-barcelona-i-acaba-el-passeig-amb-un-menu-mariner-al-nostre-restaurant-xup-xup\/#primaryimage","url":"https:\/\/gruparenal.com\/wp-content\/uploads\/2020\/02\/image-15.png","contentUrl":"https:\/\/gruparenal.com\/wp-content\/uploads\/2020\/02\/image-15.png","width":2080,"height":1383,"caption":"Visita la confraria de pescadors de Barcelona i acaba el passeig amb un men\u00fa mariner en el nostre restaurant Xup,Xup."},{"@type":"BreadcrumbList","@id":"https:\/\/gruparenal.com\/ca\/visita-la-confraria-de-pescadors-de-barcelona-i-acaba-el-passeig-amb-un-menu-mariner-al-nostre-restaurant-xup-xup\/#breadcrumb","itemListElement":[{"@type":"ListItem","position":1,"name":"Portada","item":"https:\/\/gruparenal.com\/ca\/"},{"@type":"ListItem","position":2,"name":"VISITA LA CONFRARIA DE PESCADORS DE BARCELONA I ACABA EL PASSEIG AMB UN MEN\u00da MARINER EN EL NOSTRE RESTAURANT XUP,XUP"}]},{"@type":"WebSite","@id":"https:\/\/gruparenal.com\/ca\/#website","url":"https:\/\/gruparenal.com\/ca\/","name":"Grup Arenal","description":"Otro sitio realizado con WordPress","potentialAction":[{"@type":"SearchAction","target":{"@type":"EntryPoint","urlTemplate":"https:\/\/gruparenal.com\/ca\/?s={search_term_string}"},"query-input":{"@type":"PropertyValueSpecification","valueRequired":true,"valueName":"search_term_string"}}],"inLanguage":"ca"},{"@type":"Person","@id":"https:\/\/gruparenal.com\/ca\/#\/schema\/person\/6d9ea8ff5d736e55a9d6bf6b6d82b75f","name":"Lucia","image":{"@type":"ImageObject","inLanguage":"ca","@id":"https:\/\/gruparenal.com\/wp-content\/litespeed\/avatar\/455dd3eb0b147442b74dae3a6bc714a0.jpg?ver=1777371708","url":"https:\/\/gruparenal.com\/wp-content\/litespeed\/avatar\/455dd3eb0b147442b74dae3a6bc714a0.jpg?ver=1777371708","contentUrl":"https:\/\/gruparenal.com\/wp-content\/litespeed\/avatar\/455dd3eb0b147442b74dae3a6bc714a0.jpg?ver=1777371708","caption":"Lucia"},"url":"https:\/\/gruparenal.com\/ca\/author\/4b3cfc7ca0abfa80\/"}]}},"_links":{"self":[{"href":"https:\/\/gruparenal.com\/ca\/wp-json\/wp\/v2\/posts\/1293","targetHints":{"allow":["GET"]}}],"collection":[{"href":"https:\/\/gruparenal.com\/ca\/wp-json\/wp\/v2\/posts"}],"about":[{"href":"https:\/\/gruparenal.com\/ca\/wp-json\/wp\/v2\/types\/post"}],"author":[{"embeddable":true,"href":"https:\/\/gruparenal.com\/ca\/wp-json\/wp\/v2\/users\/2"}],"replies":[{"embeddable":true,"href":"https:\/\/gruparenal.com\/ca\/wp-json\/wp\/v2\/comments?post=1293"}],"version-history":[{"count":4,"href":"https:\/\/gruparenal.com\/ca\/wp-json\/wp\/v2\/posts\/1293\/revisions"}],"predecessor-version":[{"id":1709,"href":"https:\/\/gruparenal.com\/ca\/wp-json\/wp\/v2\/posts\/1293\/revisions\/1709"}],"wp:featuredmedia":[{"embeddable":true,"href":"https:\/\/gruparenal.com\/ca\/wp-json\/wp\/v2\/media\/1336"}],"wp:attachment":[{"href":"https:\/\/gruparenal.com\/ca\/wp-json\/wp\/v2\/media?parent=1293"}],"wp:term":[{"taxonomy":"category","embeddable":true,"href":"https:\/\/gruparenal.com\/ca\/wp-json\/wp\/v2\/categories?post=1293"},{"taxonomy":"post_tag","embeddable":true,"href":"https:\/\/gruparenal.com\/ca\/wp-json\/wp\/v2\/tags?post=1293"}],"curies":[{"name":"wp","href":"https:\/\/api.w.org\/{rel}","templated":true}]}}