{"id":1295,"date":"2017-08-03T18:13:19","date_gmt":"2017-08-03T16:13:19","guid":{"rendered":"https:\/\/gruparenal.com\/?p=1295"},"modified":"2020-05-06T11:42:59","modified_gmt":"2020-05-06T09:42:59","slug":"nova-imatge-corporativa","status":"publish","type":"post","link":"https:\/\/gruparenal.com\/ca\/nova-imatge-corporativa\/","title":{"rendered":"NOVA IMATGE CORPORATIVA"},"content":{"rendered":"[vc_row type=&#8221;in_container&#8221; full_screen_row_position=&#8221;middle&#8221; equal_height=&#8221;yes&#8221; content_placement=&#8221;top&#8221; column_margin=&#8221;default&#8221; scene_position=&#8221;center&#8221; text_color=&#8221;dark&#8221; text_align=&#8221;left&#8221; id=&#8221;Bloque-Introduccion&#8221; overlay_strength=&#8221;0.3&#8243; shape_divider_position=&#8221;bottom&#8221; bg_image_animation=&#8221;none&#8221; shape_type=&#8221;&#8221;][vc_column column_padding=&#8221;no-extra-padding&#8221; column_padding_position=&#8221;all&#8221; background_color_opacity=&#8221;1&#8243; background_hover_color_opacity=&#8221;1&#8243; column_link_target=&#8221;_self&#8221; column_shadow=&#8221;none&#8221; column_border_radius=&#8221;none&#8221; el_class=&#8221;Columna-1&#8243; width=&#8221;1\/3&#8243; tablet_width_inherit=&#8221;default&#8221; tablet_text_alignment=&#8221;default&#8221; phone_text_alignment=&#8221;default&#8221; overlay_strength=&#8221;0.3&#8243; column_border_width=&#8221;none&#8221; column_border_style=&#8221;solid&#8221; bg_image_animation=&#8221;none&#8221;][vc_column_text el_class=&#8221;Titulo-Post&#8221;]\n<h1><span style=\"font-family: frontage-condensed; color: #ffffff;\">NOVA IMATGE CORPORATIVA<\/span><\/h1>\n[\/vc_column_text][image_with_animation image_url=&#8221;309&#8243; alignment=&#8221;&#8221; animation=&#8221;Fade In&#8221; hover_animation=&#8221;none&#8221; border_radius=&#8221;none&#8221; box_shadow=&#8221;none&#8221; image_loading=&#8221;default&#8221; max_width=&#8221;100%&#8221; max_width_mobile=&#8221;default&#8221; el_class=&#8221;Logo-Cabecera&#8221;][\/vc_column][vc_column column_padding=&#8221;no-extra-padding&#8221; column_padding_position=&#8221;all&#8221; background_color_opacity=&#8221;1&#8243; background_hover_color_opacity=&#8221;1&#8243; column_link_target=&#8221;_self&#8221; column_shadow=&#8221;none&#8221; column_border_radius=&#8221;none&#8221; el_class=&#8221;Columna-2&#8243; width=&#8221;2\/3&#8243; tablet_width_inherit=&#8221;default&#8221; tablet_text_alignment=&#8221;default&#8221; phone_text_alignment=&#8221;default&#8221; overlay_strength=&#8221;0.3&#8243; column_border_width=&#8221;none&#8221; column_border_style=&#8221;solid&#8221; bg_image_animation=&#8221;none&#8221;][image_with_animation image_url=&#8221;833&#8243; alignment=&#8221;&#8221; animation=&#8221;Fade In&#8221; hover_animation=&#8221;none&#8221; border_radius=&#8221;none&#8221; box_shadow=&#8221;none&#8221; image_loading=&#8221;default&#8221; max_width=&#8221;100%&#8221; max_width_mobile=&#8221;default&#8221;][\/vc_column][\/vc_row][vc_row type=&#8221;in_container&#8221; full_screen_row_position=&#8221;middle&#8221; column_margin=&#8221;default&#8221; scene_position=&#8221;center&#8221; text_color=&#8221;dark&#8221; text_align=&#8221;left&#8221; overlay_strength=&#8221;0.3&#8243; shape_divider_position=&#8221;bottom&#8221; bg_image_animation=&#8221;none&#8221;][vc_column column_padding=&#8221;no-extra-padding&#8221; column_padding_position=&#8221;all&#8221; background_color_opacity=&#8221;1&#8243; background_hover_color_opacity=&#8221;1&#8243; column_link_target=&#8221;_self&#8221; column_shadow=&#8221;none&#8221; column_border_radius=&#8221;none&#8221; width=&#8221;1\/1&#8243; tablet_width_inherit=&#8221;default&#8221; tablet_text_alignment=&#8221;default&#8221; phone_text_alignment=&#8221;default&#8221; overlay_strength=&#8221;0.3&#8243; column_border_width=&#8221;none&#8221; column_border_style=&#8221;solid&#8221; bg_image_animation=&#8221;none&#8221;][vc_column_text]\n<div class=\"page\" title=\"Page 11\">\n<div class=\"section\">\n<div class=\"layoutArea\">\n<div class=\"column\">\n<div class=\"post-entry post-entry-type-page post-entry-3636\">\n<div class=\"entry-content-wrapper clearfix\">\n<div class=\"av-special-heading av-special-heading-h1 avia-builder-el-0 el_before_av_slideshow avia-builder-el-first \">\n<div class=\"template-page content av-content-full alpha units\">\n<div class=\"post-entry post-entry-type-page post-entry-1979\">\n<div class=\"entry-content-wrapper clearfix\">\n<section class=\"av_textblock_section \">\n<div class=\"avia_textblock \">\n<section class=\"av_textblock_section \">\n<div class=\"avia_textblock \">\n<div class=\"entry-content\">\n<p><span style=\"font-family: helveticaneueltstd-c; color: #6a6b6a;\"><strong>A Grup Arenal volem formar part de cada moment, de cada instant que comparteixes amb els teus, fent-ho \u00fanic i inoblidable.<\/strong><\/span><\/p>\n<h3><span style=\"font-family: helveticaneueltstd-c; color: #6a6b6a;\">EL PUNT DE PARTIDA<\/span><\/h3>\n<p><span style=\"font-family: helveticaneueltstd-c; color: #6a6b6a;\">Avui dia el canvi \u00e9s el fenomen per mitj\u00e0 del qual el futur envaeix les nostres vides i conv\u00e9 observar-lo atentament des de l&#8217;avantatj\u00f3s punt de vista dels individus que viuen, respiren i experimenten. <\/span><\/p>\n<p><span style=\"font-family: helveticaneueltstd-c; color: #6a6b6a;\">El canvi per a nosaltres \u00e9s una oportunitat de cr\u00e9ixer i aprendre, per\u00f2 tamb\u00e9 un proc\u00e9s d\u2019autoconeixement. Gr\u00e0cies a aquest proc\u00e9s de canvi hem conegut els nostres valors (Tradici\u00f3, Experi\u00e8ncia, Innovaci\u00f3). <\/span><\/p>\n<p><span style=\"font-family: helveticaneueltstd-c; color: #6a6b6a;\">Creiem que el llan\u00e7ament d&#8217;una nova imatge corporativa i una p\u00e0gina web ens ajudaran ha de transmetre la nostra visi\u00f3.<\/span><\/p>\n<h3><span style=\"font-family: helveticaneueltstd-c; color: #6a6b6a;\">EL PROC\u00c9S DE CANVI<\/span><\/h3>\n<p><span style=\"font-family: helveticaneueltstd-c; color: #6a6b6a;\">El m\u00f3n que hem creat \u00e9s un proc\u00e9s del nostre pensament, d&#8217;una llarga experi\u00e8ncia en el sector de la restauraci\u00f3 i la passi\u00f3 per evolucionar al ritme dels nostres temps. <\/span><\/p>\n<p><span style=\"font-family: helveticaneueltstd-c; color: #6a6b6a;\">Amb la intenci\u00f3 de crear un sistema de codis visuals \u00fanics associats a la nostra marca, s&#8217;ha desenvolupat mitjan\u00e7ant processos cognitius un llenguatge propi de comunicaci\u00f3 visual.<br \/>\n<\/span><\/p>\n<p><span style=\"font-family: helveticaneueltstd-c; color: #6a6b6a;\">Per a aix\u00f2 hem centrat la nostra atenci\u00f3 en els<strong> clients<\/strong> i en les <strong>taules<\/strong>, on es genera la major interacci\u00f3 en un restaurant.<br \/>\n<\/span><\/p>\n<p><span style=\"font-family: helveticaneueltstd-c; color: #6a6b6a;\">Hem convertit aquest element que est\u00e0 present en cadascun dels nostres restaurants en un codi propi.<\/span><\/p>\n<p><span style=\"font-family: helveticaneueltstd-c; color: #6a6b6a;\"><em>Les taules\u2026<br \/>\nTot succeeix sobre elles.<br \/>\nEls millors plats i vins giren al seu voltant.<br \/>\nPlaers, mirades, mans que s&#8217;entrellacen.<br \/>\nSomriures, rialles, secrets i murmuris.<br \/>\nElles estan presents, i s\u00f3n testimonis de cada moment \u00fanic.<br \/>\n<\/em><\/span><\/p>\n<p><span style=\"font-family: helveticaneueltstd-c; color: #6a6b6a;\">A Grup Arenal volem formar part de tots aquests moments \u00fanics. Per tot aix\u00f2, renovem la nostra imatge i esperem que us agradi.<\/span><\/p>\n<\/div>\n<\/div>\n<\/section>\n<\/div>\n<\/section>\n<\/div>\n<\/div>\n<\/div>\n<\/div>\n<\/div>\n<\/div>\n<\/div>\n<\/div>\n<\/div>\n<\/div>\n[\/vc_column_text][\/vc_column][\/vc_row]\n","protected":false},"excerpt":{"rendered":"<p>[vc_row type=&#8221;in_container&#8221; full_screen_row_position=&#8221;middle&#8221; equal_height=&#8221;yes&#8221; content_placement=&#8221;top&#8221; column_margin=&#8221;default&#8221; scene_position=&#8221;center&#8221; text_color=&#8221;dark&#8221; text_align=&#8221;left&#8221; id=&#8221;Bloque-Introduccion&#8221; overlay_strength=&#8221;0.3&#8243; shape_divider_position=&#8221;bottom&#8221; bg_image_animation=&#8221;none&#8221; shape_type=&#8221;&#8221;][vc_column column_padding=&#8221;no-extra-padding&#8221; column_padding_position=&#8221;all&#8221; background_color_opacity=&#8221;1&#8243; background_hover_color_opacity=&#8221;1&#8243; column_link_target=&#8221;_self&#8221; column_shadow=&#8221;none&#8221; column_border_radius=&#8221;none&#8221; el_class=&#8221;Columna-1&#8243; width=&#8221;1\/3&#8243; tablet_width_inherit=&#8221;default&#8221; tablet_text_alignment=&#8221;default&#8221; phone_text_alignment=&#8221;default&#8221; overlay_strength=&#8221;0.3&#8243; column_border_width=&#8221;none&#8221; column_border_style=&#8221;solid&#8221; bg_image_animation=&#8221;none&#8221;][vc_column_text el_class=&#8221;Titulo-Post&#8221;] NOVA IMATGE CORPORATIVA [\/vc_column_text][image_with_animation image_url=&#8221;309&#8243; alignment=&#8221;&#8221; animation=&#8221;Fade In&#8221; hover_animation=&#8221;none&#8221; border_radius=&#8221;none&#8221; box_shadow=&#8221;none&#8221; image_loading=&#8221;default&#8221; max_width=&#8221;100%&#8221; max_width_mobile=&#8221;default&#8221; el_class=&#8221;Logo-Cabecera&#8221;][\/vc_column][vc_column column_padding=&#8221;no-extra-padding&#8221; column_padding_position=&#8221;all&#8221; background_color_opacity=&#8221;1&#8243; background_hover_color_opacity=&#8221;1&#8243;&#8230;<\/p>\n","protected":false},"author":2,"featured_media":1358,"comment_status":"closed","ping_status":"open","sticky":false,"template":"","format":"standard","meta":{"_acf_changed":false,"footnotes":""},"categories":[42],"tags":[],"class_list":{"0":"post-1295","1":"post","2":"type-post","3":"status-publish","4":"format-standard","5":"has-post-thumbnail","7":"category-grup-arenal"},"acf":[],"yoast_head":"<!-- This site is optimized with the Yoast SEO plugin v27.3 - https:\/\/yoast.com\/product\/yoast-seo-wordpress\/ -->\n<title>Nova imatge corporativa - Viu moments inoblidables | Grup Arenal<\/title>\n<meta name=\"description\" content=\"A Grup Arenal volem formar part de cada moment, de cada instant que comparteixes amb els teus. Descobreix la nostra nova imatge corprativa!\" \/>\n<meta name=\"robots\" content=\"index, follow, max-snippet:-1, max-image-preview:large, max-video-preview:-1\" \/>\n<link rel=\"canonical\" href=\"https:\/\/gruparenal.com\/ca\/nova-imatge-corporativa\/\" \/>\n<meta property=\"og:locale\" content=\"ca_ES\" \/>\n<meta property=\"og:type\" content=\"article\" \/>\n<meta property=\"og:title\" content=\"Nova imatge corporativa - Viu moments inoblidables | Grup Arenal\" \/>\n<meta property=\"og:description\" content=\"A Grup Arenal volem formar part de cada moment, de cada instant que comparteixes amb els teus. Descobreix la nostra nova imatge corprativa!\" \/>\n<meta property=\"og:url\" content=\"https:\/\/gruparenal.com\/ca\/nova-imatge-corporativa\/\" \/>\n<meta property=\"og:site_name\" content=\"Grup Arenal\" \/>\n<meta property=\"article:published_time\" content=\"2017-08-03T16:13:19+00:00\" \/>\n<meta property=\"article:modified_time\" content=\"2020-05-06T09:42:59+00:00\" \/>\n<meta property=\"og:image\" content=\"https:\/\/gruparenal.com\/wp-content\/uploads\/2020\/02\/image-32.png\" \/>\n\t<meta property=\"og:image:width\" content=\"1400\" \/>\n\t<meta property=\"og:image:height\" content=\"875\" \/>\n\t<meta property=\"og:image:type\" content=\"image\/png\" \/>\n<meta name=\"author\" content=\"Lucia\" \/>\n<meta name=\"twitter:card\" content=\"summary_large_image\" \/>\n<meta name=\"twitter:label1\" content=\"Escrit per\" \/>\n\t<meta name=\"twitter:data1\" content=\"Lucia\" \/>\n\t<meta name=\"twitter:label2\" content=\"Temps estimat de lectura\" \/>\n\t<meta name=\"twitter:data2\" content=\"3 minuts\" \/>\n<script type=\"application\/ld+json\" class=\"yoast-schema-graph\">{\"@context\":\"https:\\\/\\\/schema.org\",\"@graph\":[{\"@type\":\"Article\",\"@id\":\"https:\\\/\\\/gruparenal.com\\\/ca\\\/nova-imatge-corporativa\\\/#article\",\"isPartOf\":{\"@id\":\"https:\\\/\\\/gruparenal.com\\\/ca\\\/nova-imatge-corporativa\\\/\"},\"author\":{\"name\":\"Lucia\",\"@id\":\"https:\\\/\\\/gruparenal.com\\\/ca\\\/#\\\/schema\\\/person\\\/6d9ea8ff5d736e55a9d6bf6b6d82b75f\"},\"headline\":\"NOVA IMATGE CORPORATIVA\",\"datePublished\":\"2017-08-03T16:13:19+00:00\",\"dateModified\":\"2020-05-06T09:42:59+00:00\",\"mainEntityOfPage\":{\"@id\":\"https:\\\/\\\/gruparenal.com\\\/ca\\\/nova-imatge-corporativa\\\/\"},\"wordCount\":614,\"image\":{\"@id\":\"https:\\\/\\\/gruparenal.com\\\/ca\\\/nova-imatge-corporativa\\\/#primaryimage\"},\"thumbnailUrl\":\"https:\\\/\\\/gruparenal.com\\\/wp-content\\\/uploads\\\/2020\\\/02\\\/image-32.png\",\"articleSection\":[\"Grup Arenal\"],\"inLanguage\":\"ca\"},{\"@type\":\"WebPage\",\"@id\":\"https:\\\/\\\/gruparenal.com\\\/ca\\\/nova-imatge-corporativa\\\/\",\"url\":\"https:\\\/\\\/gruparenal.com\\\/ca\\\/nova-imatge-corporativa\\\/\",\"name\":\"Nova imatge corporativa - Viu moments inoblidables | Grup Arenal\",\"isPartOf\":{\"@id\":\"https:\\\/\\\/gruparenal.com\\\/ca\\\/#website\"},\"primaryImageOfPage\":{\"@id\":\"https:\\\/\\\/gruparenal.com\\\/ca\\\/nova-imatge-corporativa\\\/#primaryimage\"},\"image\":{\"@id\":\"https:\\\/\\\/gruparenal.com\\\/ca\\\/nova-imatge-corporativa\\\/#primaryimage\"},\"thumbnailUrl\":\"https:\\\/\\\/gruparenal.com\\\/wp-content\\\/uploads\\\/2020\\\/02\\\/image-32.png\",\"datePublished\":\"2017-08-03T16:13:19+00:00\",\"dateModified\":\"2020-05-06T09:42:59+00:00\",\"author\":{\"@id\":\"https:\\\/\\\/gruparenal.com\\\/ca\\\/#\\\/schema\\\/person\\\/6d9ea8ff5d736e55a9d6bf6b6d82b75f\"},\"description\":\"A Grup Arenal volem formar part de cada moment, de cada instant que comparteixes amb els teus. Descobreix la nostra nova imatge corprativa!\",\"breadcrumb\":{\"@id\":\"https:\\\/\\\/gruparenal.com\\\/ca\\\/nova-imatge-corporativa\\\/#breadcrumb\"},\"inLanguage\":\"ca\",\"potentialAction\":[{\"@type\":\"ReadAction\",\"target\":[\"https:\\\/\\\/gruparenal.com\\\/ca\\\/nova-imatge-corporativa\\\/\"]}]},{\"@type\":\"ImageObject\",\"inLanguage\":\"ca\",\"@id\":\"https:\\\/\\\/gruparenal.com\\\/ca\\\/nova-imatge-corporativa\\\/#primaryimage\",\"url\":\"https:\\\/\\\/gruparenal.com\\\/wp-content\\\/uploads\\\/2020\\\/02\\\/image-32.png\",\"contentUrl\":\"https:\\\/\\\/gruparenal.com\\\/wp-content\\\/uploads\\\/2020\\\/02\\\/image-32.png\",\"width\":1400,\"height\":875,\"caption\":\"Nova imatge corporativa\"},{\"@type\":\"BreadcrumbList\",\"@id\":\"https:\\\/\\\/gruparenal.com\\\/ca\\\/nova-imatge-corporativa\\\/#breadcrumb\",\"itemListElement\":[{\"@type\":\"ListItem\",\"position\":1,\"name\":\"Portada\",\"item\":\"https:\\\/\\\/gruparenal.com\\\/ca\\\/\"},{\"@type\":\"ListItem\",\"position\":2,\"name\":\"NOVA IMATGE CORPORATIVA\"}]},{\"@type\":\"WebSite\",\"@id\":\"https:\\\/\\\/gruparenal.com\\\/ca\\\/#website\",\"url\":\"https:\\\/\\\/gruparenal.com\\\/ca\\\/\",\"name\":\"Grup Arenal\",\"description\":\"Otro sitio realizado con WordPress\",\"potentialAction\":[{\"@type\":\"SearchAction\",\"target\":{\"@type\":\"EntryPoint\",\"urlTemplate\":\"https:\\\/\\\/gruparenal.com\\\/ca\\\/?s={search_term_string}\"},\"query-input\":{\"@type\":\"PropertyValueSpecification\",\"valueRequired\":true,\"valueName\":\"search_term_string\"}}],\"inLanguage\":\"ca\"},{\"@type\":\"Person\",\"@id\":\"https:\\\/\\\/gruparenal.com\\\/ca\\\/#\\\/schema\\\/person\\\/6d9ea8ff5d736e55a9d6bf6b6d82b75f\",\"name\":\"Lucia\",\"image\":{\"@type\":\"ImageObject\",\"inLanguage\":\"ca\",\"@id\":\"https:\\\/\\\/gruparenal.com\\\/wp-content\\\/litespeed\\\/avatar\\\/455dd3eb0b147442b74dae3a6bc714a0.jpg?ver=1777371708\",\"url\":\"https:\\\/\\\/gruparenal.com\\\/wp-content\\\/litespeed\\\/avatar\\\/455dd3eb0b147442b74dae3a6bc714a0.jpg?ver=1777371708\",\"contentUrl\":\"https:\\\/\\\/gruparenal.com\\\/wp-content\\\/litespeed\\\/avatar\\\/455dd3eb0b147442b74dae3a6bc714a0.jpg?ver=1777371708\",\"caption\":\"Lucia\"},\"url\":\"https:\\\/\\\/gruparenal.com\\\/ca\\\/author\\\/4b3cfc7ca0abfa80\\\/\"}]}<\/script>\n<!-- \/ Yoast SEO plugin. -->","yoast_head_json":{"title":"Nova imatge corporativa - Viu moments inoblidables | Grup Arenal","description":"A Grup Arenal volem formar part de cada moment, de cada instant que comparteixes amb els teus. Descobreix la nostra nova imatge corprativa!","robots":{"index":"index","follow":"follow","max-snippet":"max-snippet:-1","max-image-preview":"max-image-preview:large","max-video-preview":"max-video-preview:-1"},"canonical":"https:\/\/gruparenal.com\/ca\/nova-imatge-corporativa\/","og_locale":"ca_ES","og_type":"article","og_title":"Nova imatge corporativa - Viu moments inoblidables | Grup Arenal","og_description":"A Grup Arenal volem formar part de cada moment, de cada instant que comparteixes amb els teus. Descobreix la nostra nova imatge corprativa!","og_url":"https:\/\/gruparenal.com\/ca\/nova-imatge-corporativa\/","og_site_name":"Grup Arenal","article_published_time":"2017-08-03T16:13:19+00:00","article_modified_time":"2020-05-06T09:42:59+00:00","og_image":[{"width":1400,"height":875,"url":"https:\/\/gruparenal.com\/wp-content\/uploads\/2020\/02\/image-32.png","type":"image\/png"}],"author":"Lucia","twitter_card":"summary_large_image","twitter_misc":{"Escrit per":"Lucia","Temps estimat de lectura":"3 minuts"},"schema":{"@context":"https:\/\/schema.org","@graph":[{"@type":"Article","@id":"https:\/\/gruparenal.com\/ca\/nova-imatge-corporativa\/#article","isPartOf":{"@id":"https:\/\/gruparenal.com\/ca\/nova-imatge-corporativa\/"},"author":{"name":"Lucia","@id":"https:\/\/gruparenal.com\/ca\/#\/schema\/person\/6d9ea8ff5d736e55a9d6bf6b6d82b75f"},"headline":"NOVA IMATGE CORPORATIVA","datePublished":"2017-08-03T16:13:19+00:00","dateModified":"2020-05-06T09:42:59+00:00","mainEntityOfPage":{"@id":"https:\/\/gruparenal.com\/ca\/nova-imatge-corporativa\/"},"wordCount":614,"image":{"@id":"https:\/\/gruparenal.com\/ca\/nova-imatge-corporativa\/#primaryimage"},"thumbnailUrl":"https:\/\/gruparenal.com\/wp-content\/uploads\/2020\/02\/image-32.png","articleSection":["Grup Arenal"],"inLanguage":"ca"},{"@type":"WebPage","@id":"https:\/\/gruparenal.com\/ca\/nova-imatge-corporativa\/","url":"https:\/\/gruparenal.com\/ca\/nova-imatge-corporativa\/","name":"Nova imatge corporativa - Viu moments inoblidables | Grup Arenal","isPartOf":{"@id":"https:\/\/gruparenal.com\/ca\/#website"},"primaryImageOfPage":{"@id":"https:\/\/gruparenal.com\/ca\/nova-imatge-corporativa\/#primaryimage"},"image":{"@id":"https:\/\/gruparenal.com\/ca\/nova-imatge-corporativa\/#primaryimage"},"thumbnailUrl":"https:\/\/gruparenal.com\/wp-content\/uploads\/2020\/02\/image-32.png","datePublished":"2017-08-03T16:13:19+00:00","dateModified":"2020-05-06T09:42:59+00:00","author":{"@id":"https:\/\/gruparenal.com\/ca\/#\/schema\/person\/6d9ea8ff5d736e55a9d6bf6b6d82b75f"},"description":"A Grup Arenal volem formar part de cada moment, de cada instant que comparteixes amb els teus. Descobreix la nostra nova imatge corprativa!","breadcrumb":{"@id":"https:\/\/gruparenal.com\/ca\/nova-imatge-corporativa\/#breadcrumb"},"inLanguage":"ca","potentialAction":[{"@type":"ReadAction","target":["https:\/\/gruparenal.com\/ca\/nova-imatge-corporativa\/"]}]},{"@type":"ImageObject","inLanguage":"ca","@id":"https:\/\/gruparenal.com\/ca\/nova-imatge-corporativa\/#primaryimage","url":"https:\/\/gruparenal.com\/wp-content\/uploads\/2020\/02\/image-32.png","contentUrl":"https:\/\/gruparenal.com\/wp-content\/uploads\/2020\/02\/image-32.png","width":1400,"height":875,"caption":"Nova imatge corporativa"},{"@type":"BreadcrumbList","@id":"https:\/\/gruparenal.com\/ca\/nova-imatge-corporativa\/#breadcrumb","itemListElement":[{"@type":"ListItem","position":1,"name":"Portada","item":"https:\/\/gruparenal.com\/ca\/"},{"@type":"ListItem","position":2,"name":"NOVA IMATGE CORPORATIVA"}]},{"@type":"WebSite","@id":"https:\/\/gruparenal.com\/ca\/#website","url":"https:\/\/gruparenal.com\/ca\/","name":"Grup Arenal","description":"Otro sitio realizado con WordPress","potentialAction":[{"@type":"SearchAction","target":{"@type":"EntryPoint","urlTemplate":"https:\/\/gruparenal.com\/ca\/?s={search_term_string}"},"query-input":{"@type":"PropertyValueSpecification","valueRequired":true,"valueName":"search_term_string"}}],"inLanguage":"ca"},{"@type":"Person","@id":"https:\/\/gruparenal.com\/ca\/#\/schema\/person\/6d9ea8ff5d736e55a9d6bf6b6d82b75f","name":"Lucia","image":{"@type":"ImageObject","inLanguage":"ca","@id":"https:\/\/gruparenal.com\/wp-content\/litespeed\/avatar\/455dd3eb0b147442b74dae3a6bc714a0.jpg?ver=1777371708","url":"https:\/\/gruparenal.com\/wp-content\/litespeed\/avatar\/455dd3eb0b147442b74dae3a6bc714a0.jpg?ver=1777371708","contentUrl":"https:\/\/gruparenal.com\/wp-content\/litespeed\/avatar\/455dd3eb0b147442b74dae3a6bc714a0.jpg?ver=1777371708","caption":"Lucia"},"url":"https:\/\/gruparenal.com\/ca\/author\/4b3cfc7ca0abfa80\/"}]}},"_links":{"self":[{"href":"https:\/\/gruparenal.com\/ca\/wp-json\/wp\/v2\/posts\/1295","targetHints":{"allow":["GET"]}}],"collection":[{"href":"https:\/\/gruparenal.com\/ca\/wp-json\/wp\/v2\/posts"}],"about":[{"href":"https:\/\/gruparenal.com\/ca\/wp-json\/wp\/v2\/types\/post"}],"author":[{"embeddable":true,"href":"https:\/\/gruparenal.com\/ca\/wp-json\/wp\/v2\/users\/2"}],"replies":[{"embeddable":true,"href":"https:\/\/gruparenal.com\/ca\/wp-json\/wp\/v2\/comments?post=1295"}],"version-history":[{"count":4,"href":"https:\/\/gruparenal.com\/ca\/wp-json\/wp\/v2\/posts\/1295\/revisions"}],"predecessor-version":[{"id":1718,"href":"https:\/\/gruparenal.com\/ca\/wp-json\/wp\/v2\/posts\/1295\/revisions\/1718"}],"wp:featuredmedia":[{"embeddable":true,"href":"https:\/\/gruparenal.com\/ca\/wp-json\/wp\/v2\/media\/1358"}],"wp:attachment":[{"href":"https:\/\/gruparenal.com\/ca\/wp-json\/wp\/v2\/media?parent=1295"}],"wp:term":[{"taxonomy":"category","embeddable":true,"href":"https:\/\/gruparenal.com\/ca\/wp-json\/wp\/v2\/categories?post=1295"},{"taxonomy":"post_tag","embeddable":true,"href":"https:\/\/gruparenal.com\/ca\/wp-json\/wp\/v2\/tags?post=1295"}],"curies":[{"name":"wp","href":"https:\/\/api.w.org\/{rel}","templated":true}]}}