{"id":1971,"date":"2017-08-03T14:00:00","date_gmt":"2017-08-03T12:00:00","guid":{"rendered":"https:\/\/gruparenal.com\/nueva-imagen-corporativa\/"},"modified":"2020-04-08T20:57:46","modified_gmt":"2020-04-08T18:57:46","slug":"nueva-imagen-corporativa","status":"publish","type":"post","link":"https:\/\/gruparenal.com\/en\/nueva-imagen-corporativa\/","title":{"rendered":"NUEVA IMAGEN CORPORATIVA"},"content":{"rendered":"[vc_row type=&#8221;in_container&#8221; full_screen_row_position=&#8221;middle&#8221; equal_height=&#8221;yes&#8221; content_placement=&#8221;top&#8221; column_margin=&#8221;default&#8221; scene_position=&#8221;center&#8221; text_color=&#8221;dark&#8221; text_align=&#8221;left&#8221; id=&#8221;Bloque-Introduccion&#8221; overlay_strength=&#8221;0.3&#8243; shape_divider_position=&#8221;bottom&#8221; bg_image_animation=&#8221;none&#8221; shape_type=&#8221;&#8221;][vc_column column_padding=&#8221;no-extra-padding&#8221; column_padding_position=&#8221;all&#8221; background_color_opacity=&#8221;1&#8243; background_hover_color_opacity=&#8221;1&#8243; column_link_target=&#8221;_self&#8221; column_shadow=&#8221;none&#8221; column_border_radius=&#8221;none&#8221; el_class=&#8221;Columna-1&#8243; width=&#8221;1\/3&#8243; tablet_width_inherit=&#8221;default&#8221; tablet_text_alignment=&#8221;default&#8221; phone_text_alignment=&#8221;default&#8221; overlay_strength=&#8221;0.3&#8243; column_border_width=&#8221;none&#8221; column_border_style=&#8221;solid&#8221; bg_image_animation=&#8221;none&#8221;][vc_column_text el_class=&#8221;Titulo-Post&#8221;]\n<h1><span style=\"font-family: frontage-condensed; color: #ffffff;\">NUEVA IMAGEN CORPORATIVA<\/span><\/h1>\n[\/vc_column_text][image_with_animation image_url=&#8221;309&#8243; alignment=&#8221;&#8221; animation=&#8221;Fade In&#8221; hover_animation=&#8221;none&#8221; border_radius=&#8221;none&#8221; box_shadow=&#8221;none&#8221; image_loading=&#8221;default&#8221; max_width=&#8221;100%&#8221; max_width_mobile=&#8221;default&#8221; el_class=&#8221;Logo-Cabecera&#8221;][\/vc_column][vc_column column_padding=&#8221;no-extra-padding&#8221; column_padding_position=&#8221;all&#8221; background_color_opacity=&#8221;1&#8243; background_hover_color_opacity=&#8221;1&#8243; column_link_target=&#8221;_self&#8221; column_shadow=&#8221;none&#8221; column_border_radius=&#8221;none&#8221; el_class=&#8221;Columna-2&#8243; width=&#8221;2\/3&#8243; tablet_width_inherit=&#8221;default&#8221; tablet_text_alignment=&#8221;default&#8221; phone_text_alignment=&#8221;default&#8221; overlay_strength=&#8221;0.3&#8243; column_border_width=&#8221;none&#8221; column_border_style=&#8221;solid&#8221; bg_image_animation=&#8221;none&#8221;][image_with_animation image_url=&#8221;833&#8243; alignment=&#8221;&#8221; animation=&#8221;Fade In&#8221; hover_animation=&#8221;none&#8221; border_radius=&#8221;none&#8221; box_shadow=&#8221;none&#8221; image_loading=&#8221;default&#8221; max_width=&#8221;100%&#8221; max_width_mobile=&#8221;default&#8221;][\/vc_column][\/vc_row][vc_row type=&#8221;in_container&#8221; full_screen_row_position=&#8221;middle&#8221; column_margin=&#8221;default&#8221; scene_position=&#8221;center&#8221; text_color=&#8221;dark&#8221; text_align=&#8221;left&#8221; overlay_strength=&#8221;0.3&#8243; shape_divider_position=&#8221;bottom&#8221; bg_image_animation=&#8221;none&#8221;][vc_column column_padding=&#8221;no-extra-padding&#8221; column_padding_position=&#8221;all&#8221; background_color_opacity=&#8221;1&#8243; background_hover_color_opacity=&#8221;1&#8243; column_link_target=&#8221;_self&#8221; column_shadow=&#8221;none&#8221; column_border_radius=&#8221;none&#8221; width=&#8221;1\/1&#8243; tablet_width_inherit=&#8221;default&#8221; tablet_text_alignment=&#8221;default&#8221; phone_text_alignment=&#8221;default&#8221; overlay_strength=&#8221;0.3&#8243; column_border_width=&#8221;none&#8221; column_border_style=&#8221;solid&#8221; bg_image_animation=&#8221;none&#8221;][vc_column_text]\n<div class=\"page\" title=\"Page 11\">\n<div class=\"section\">\n<div class=\"layoutArea\">\n<div class=\"column\">\n<div class=\"post-entry post-entry-type-page post-entry-3636\">\n<div class=\"entry-content-wrapper clearfix\">\n<div class=\"av-special-heading av-special-heading-h1 avia-builder-el-0 el_before_av_slideshow avia-builder-el-first \">\n<div class=\"template-page content av-content-full alpha units\">\n<div class=\"post-entry post-entry-type-page post-entry-1979\">\n<div class=\"entry-content-wrapper clearfix\">\n<section class=\"av_textblock_section \">\n<div class=\"avia_textblock \">\n<section class=\"av_textblock_section \">\n<div class=\"avia_textblock \">\n<div class=\"entry-content\">\n<p><span style=\"font-family: helveticaneueltstd-c; color: #6a6b6a;\"><strong>En Grup Arenal queremos formar parte de cada momento, de cada instante que compartes con los tuyos, haci\u00e9ndolo \u00fanico e inolvidable.<\/strong><\/span><\/p>\n<h3><span style=\"font-family: helveticaneueltstd-c; color: #6a6b6a;\">EL PUNTO DE PARTIDA<\/span><\/h3>\n<p><span style=\"font-family: helveticaneueltstd-c; color: #6a6b6a;\">Hoy en d\u00eda el cambio es el fen\u00f3meno por medio del cual el futuro invade nuestras vidas y conviene observarlo atentamente desde el ventajoso punto de vista de los individuos que viven, respiran y experimentan.<\/span><\/p>\n<p><span style=\"font-family: helveticaneueltstd-c; color: #6a6b6a;\">El cambio para nosotros es una oportunidad de crecer y aprender, pero tambi\u00e9n un proceso del autoconocimiento. Gracias a este proceso de cambio hemos conocido nuestros valores (Tradici\u00f3n, Experiencia, Innovaci\u00f3n).<\/span><\/p>\n<p><span style=\"font-family: helveticaneueltstd-c; color: #6a6b6a;\">Creemos que el lanzamiento de una nueva imagen corporativa y una p\u00e1gina web nos ayudar\u00e1n ha transmitir nuestra visi\u00f3n.<\/span><\/p>\n<h3><span style=\"font-family: helveticaneueltstd-c; color: #6a6b6a;\">EL PROCESO DE CAMBIO<\/span><\/h3>\n<p><span style=\"font-family: helveticaneueltstd-c; color: #6a6b6a;\">El mundo que hemos creado es un proceso de nuestro pensamiento, de una larga experiencia en el sector de la restauraci\u00f3n y la pasi\u00f3n por evolucionar al ritmo de nuestros tiempos.<\/span><\/p>\n<p><span style=\"font-family: helveticaneueltstd-c; color: #6a6b6a;\">Con la intenci\u00f3n de crear un sistema de c\u00f3digos visuales \u00fanicos asociados a nuestra marca, se ha desarrollado mediante procesos cognitivos un lenguaje propio de comunicaci\u00f3n visual.<\/span><\/p>\n<p><span style=\"font-family: helveticaneueltstd-c; color: #6a6b6a;\">Para ello hemos centrado nuestra atenci\u00f3n en los <strong>clientes<\/strong> y en las<strong> mesas<\/strong>, donde se genera la mayor interacci\u00f3n en un restaurante.<\/span><\/p>\n<p><span style=\"font-family: helveticaneueltstd-c; color: #6a6b6a;\">Hemos convertido este elemento que esta presente en cada uno de nuestros restaurantes en un c\u00f3digo propio.<\/span><\/p>\n<p><span style=\"font-family: helveticaneueltstd-c; color: #6a6b6a;\"><em>Las mesas\u2026<\/em><\/span><\/p>\n<p><span style=\"font-family: helveticaneueltstd-c; color: #6a6b6a;\"><em>Todo sucede sobre ellas.<\/em><\/span><\/p>\n<p><span style=\"font-family: helveticaneueltstd-c; color: #6a6b6a;\"><em>Los mejores platos y vinos giran a su alrededor.<\/em><\/span><\/p>\n<p><span style=\"font-family: helveticaneueltstd-c; color: #6a6b6a;\"><em>Placeres, miradas, manos que se entrelazan.<\/em><\/span><\/p>\n<p><span style=\"font-family: helveticaneueltstd-c; color: #6a6b6a;\"><em>Sonrisas, carcajadas, secretos y susurros.<\/em><\/span><\/p>\n<p><span style=\"font-family: helveticaneueltstd-c; color: #6a6b6a;\"><em>Ellas est\u00e1n presentes, y son testigos de cada momento \u00fanico.<\/em><\/span><\/p>\n<p><span style=\"font-family: helveticaneueltstd-c; color: #6a6b6a;\">En Grup Arenal queremos formar parte de todos esos momentos \u00fanicos. Por todo esto, renovamos nuestra imagen y esperamos que os guste.<\/span><\/p>\n<\/div>\n<\/div>\n<\/section>\n<\/div>\n<\/section>\n<\/div>\n<\/div>\n<\/div>\n<\/div>\n<\/div>\n<\/div>\n<\/div>\n<\/div>\n<\/div>\n<\/div>\n[\/vc_column_text][\/vc_column][\/vc_row]\n","protected":false},"excerpt":{"rendered":"<p>[vc_row type=&#8221;in_container&#8221; full_screen_row_position=&#8221;middle&#8221; equal_height=&#8221;yes&#8221; content_placement=&#8221;top&#8221; column_margin=&#8221;default&#8221; scene_position=&#8221;center&#8221; text_color=&#8221;dark&#8221; text_align=&#8221;left&#8221; id=&#8221;Bloque-Introduccion&#8221; overlay_strength=&#8221;0.3&#8243; shape_divider_position=&#8221;bottom&#8221; bg_image_animation=&#8221;none&#8221; shape_type=&#8221;&#8221;][vc_column column_padding=&#8221;no-extra-padding&#8221; column_padding_position=&#8221;all&#8221; background_color_opacity=&#8221;1&#8243; background_hover_color_opacity=&#8221;1&#8243; column_link_target=&#8221;_self&#8221; column_shadow=&#8221;none&#8221; column_border_radius=&#8221;none&#8221; el_class=&#8221;Columna-1&#8243; width=&#8221;1\/3&#8243; tablet_width_inherit=&#8221;default&#8221; tablet_text_alignment=&#8221;default&#8221; phone_text_alignment=&#8221;default&#8221; overlay_strength=&#8221;0.3&#8243; column_border_width=&#8221;none&#8221; column_border_style=&#8221;solid&#8221; bg_image_animation=&#8221;none&#8221;][vc_column_text el_class=&#8221;Titulo-Post&#8221;] NUEVA IMAGEN CORPORATIVA [\/vc_column_text][image_with_animation image_url=&#8221;309&#8243; alignment=&#8221;&#8221; animation=&#8221;Fade In&#8221; hover_animation=&#8221;none&#8221; border_radius=&#8221;none&#8221; box_shadow=&#8221;none&#8221; image_loading=&#8221;default&#8221; max_width=&#8221;100%&#8221; max_width_mobile=&#8221;default&#8221; el_class=&#8221;Logo-Cabecera&#8221;][\/vc_column][vc_column column_padding=&#8221;no-extra-padding&#8221; column_padding_position=&#8221;all&#8221; background_color_opacity=&#8221;1&#8243; background_hover_color_opacity=&#8221;1&#8243;&#8230;<\/p>\n","protected":false},"author":2,"featured_media":1972,"comment_status":"closed","ping_status":"open","sticky":false,"template":"","format":"standard","meta":{"_acf_changed":false,"footnotes":""},"categories":[26],"tags":[],"class_list":{"0":"post-1971","1":"post","2":"type-post","3":"status-publish","4":"format-standard","5":"has-post-thumbnail","7":"category-uncategorized"},"acf":[],"yoast_head":"<!-- This site is optimized with the Yoast SEO plugin v27.3 - https:\/\/yoast.com\/product\/yoast-seo-wordpress\/ -->\n<title>Nueva imagen corporativa - vive momentos inolvidables | Grup Arenal<\/title>\n<meta name=\"description\" content=\"En Grup Arenal queremos formar parte de cada momento, de cada instante que compartes con los tuyos. \u00a1Descubre nuestra nueva imagen corporativa!\" \/>\n<meta name=\"robots\" content=\"index, follow, max-snippet:-1, max-image-preview:large, max-video-preview:-1\" \/>\n<link rel=\"canonical\" href=\"https:\/\/gruparenal.com\/en\/nueva-imagen-corporativa\/\" \/>\n<meta property=\"og:locale\" content=\"en_US\" \/>\n<meta property=\"og:type\" content=\"article\" \/>\n<meta property=\"og:title\" content=\"Nueva imagen corporativa - vive momentos inolvidables | Grup Arenal\" \/>\n<meta property=\"og:description\" content=\"En Grup Arenal queremos formar parte de cada momento, de cada instante que compartes con los tuyos. \u00a1Descubre nuestra nueva imagen corporativa!\" \/>\n<meta property=\"og:url\" content=\"https:\/\/gruparenal.com\/en\/nueva-imagen-corporativa\/\" \/>\n<meta property=\"og:site_name\" content=\"Grup Arenal\" \/>\n<meta property=\"article:published_time\" content=\"2017-08-03T12:00:00+00:00\" \/>\n<meta property=\"article:modified_time\" content=\"2020-04-08T18:57:46+00:00\" \/>\n<meta property=\"og:image\" content=\"https:\/\/gruparenal.com\/wp-content\/uploads\/2020\/02\/image-32.png\" \/>\n\t<meta property=\"og:image:width\" content=\"1400\" \/>\n\t<meta property=\"og:image:height\" content=\"875\" \/>\n\t<meta property=\"og:image:type\" content=\"image\/png\" \/>\n<meta name=\"author\" content=\"Lucia\" \/>\n<meta name=\"twitter:card\" content=\"summary_large_image\" \/>\n<meta name=\"twitter:label1\" content=\"Written by\" \/>\n\t<meta name=\"twitter:data1\" content=\"Lucia\" \/>\n\t<meta name=\"twitter:label2\" content=\"Est. reading time\" \/>\n\t<meta name=\"twitter:data2\" content=\"3 minutes\" \/>\n<script type=\"application\/ld+json\" class=\"yoast-schema-graph\">{\"@context\":\"https:\\\/\\\/schema.org\",\"@graph\":[{\"@type\":\"Article\",\"@id\":\"https:\\\/\\\/gruparenal.com\\\/en\\\/nueva-imagen-corporativa\\\/#article\",\"isPartOf\":{\"@id\":\"https:\\\/\\\/gruparenal.com\\\/en\\\/nueva-imagen-corporativa\\\/\"},\"author\":{\"name\":\"Lucia\",\"@id\":\"https:\\\/\\\/gruparenal.com\\\/en\\\/#\\\/schema\\\/person\\\/6d9ea8ff5d736e55a9d6bf6b6d82b75f\"},\"headline\":\"NUEVA IMAGEN CORPORATIVA\",\"datePublished\":\"2017-08-03T12:00:00+00:00\",\"dateModified\":\"2020-04-08T18:57:46+00:00\",\"mainEntityOfPage\":{\"@id\":\"https:\\\/\\\/gruparenal.com\\\/en\\\/nueva-imagen-corporativa\\\/\"},\"wordCount\":616,\"image\":{\"@id\":\"https:\\\/\\\/gruparenal.com\\\/en\\\/nueva-imagen-corporativa\\\/#primaryimage\"},\"thumbnailUrl\":\"https:\\\/\\\/gruparenal.com\\\/wp-content\\\/uploads\\\/2020\\\/02\\\/image-32.png\",\"inLanguage\":\"en-US\"},{\"@type\":\"WebPage\",\"@id\":\"https:\\\/\\\/gruparenal.com\\\/en\\\/nueva-imagen-corporativa\\\/\",\"url\":\"https:\\\/\\\/gruparenal.com\\\/en\\\/nueva-imagen-corporativa\\\/\",\"name\":\"Nueva imagen corporativa - vive momentos inolvidables | Grup Arenal\",\"isPartOf\":{\"@id\":\"https:\\\/\\\/gruparenal.com\\\/en\\\/#website\"},\"primaryImageOfPage\":{\"@id\":\"https:\\\/\\\/gruparenal.com\\\/en\\\/nueva-imagen-corporativa\\\/#primaryimage\"},\"image\":{\"@id\":\"https:\\\/\\\/gruparenal.com\\\/en\\\/nueva-imagen-corporativa\\\/#primaryimage\"},\"thumbnailUrl\":\"https:\\\/\\\/gruparenal.com\\\/wp-content\\\/uploads\\\/2020\\\/02\\\/image-32.png\",\"datePublished\":\"2017-08-03T12:00:00+00:00\",\"dateModified\":\"2020-04-08T18:57:46+00:00\",\"author\":{\"@id\":\"https:\\\/\\\/gruparenal.com\\\/en\\\/#\\\/schema\\\/person\\\/6d9ea8ff5d736e55a9d6bf6b6d82b75f\"},\"description\":\"En Grup Arenal queremos formar parte de cada momento, de cada instante que compartes con los tuyos. \u00a1Descubre nuestra nueva imagen corporativa!\",\"breadcrumb\":{\"@id\":\"https:\\\/\\\/gruparenal.com\\\/en\\\/nueva-imagen-corporativa\\\/#breadcrumb\"},\"inLanguage\":\"en-US\",\"potentialAction\":[{\"@type\":\"ReadAction\",\"target\":[\"https:\\\/\\\/gruparenal.com\\\/en\\\/nueva-imagen-corporativa\\\/\"]}]},{\"@type\":\"ImageObject\",\"inLanguage\":\"en-US\",\"@id\":\"https:\\\/\\\/gruparenal.com\\\/en\\\/nueva-imagen-corporativa\\\/#primaryimage\",\"url\":\"https:\\\/\\\/gruparenal.com\\\/wp-content\\\/uploads\\\/2020\\\/02\\\/image-32.png\",\"contentUrl\":\"https:\\\/\\\/gruparenal.com\\\/wp-content\\\/uploads\\\/2020\\\/02\\\/image-32.png\",\"width\":1400,\"height\":875,\"caption\":\"Nueva imagen corporativa\"},{\"@type\":\"BreadcrumbList\",\"@id\":\"https:\\\/\\\/gruparenal.com\\\/en\\\/nueva-imagen-corporativa\\\/#breadcrumb\",\"itemListElement\":[{\"@type\":\"ListItem\",\"position\":1,\"name\":\"Portada\",\"item\":\"https:\\\/\\\/gruparenal.com\\\/en\\\/\"},{\"@type\":\"ListItem\",\"position\":2,\"name\":\"NUEVA IMAGEN CORPORATIVA\"}]},{\"@type\":\"WebSite\",\"@id\":\"https:\\\/\\\/gruparenal.com\\\/en\\\/#website\",\"url\":\"https:\\\/\\\/gruparenal.com\\\/en\\\/\",\"name\":\"Grup Arenal\",\"description\":\"Otro sitio realizado con WordPress\",\"potentialAction\":[{\"@type\":\"SearchAction\",\"target\":{\"@type\":\"EntryPoint\",\"urlTemplate\":\"https:\\\/\\\/gruparenal.com\\\/en\\\/?s={search_term_string}\"},\"query-input\":{\"@type\":\"PropertyValueSpecification\",\"valueRequired\":true,\"valueName\":\"search_term_string\"}}],\"inLanguage\":\"en-US\"},{\"@type\":\"Person\",\"@id\":\"https:\\\/\\\/gruparenal.com\\\/en\\\/#\\\/schema\\\/person\\\/6d9ea8ff5d736e55a9d6bf6b6d82b75f\",\"name\":\"Lucia\",\"image\":{\"@type\":\"ImageObject\",\"inLanguage\":\"en-US\",\"@id\":\"https:\\\/\\\/gruparenal.com\\\/wp-content\\\/litespeed\\\/avatar\\\/455dd3eb0b147442b74dae3a6bc714a0.jpg?ver=1777371708\",\"url\":\"https:\\\/\\\/gruparenal.com\\\/wp-content\\\/litespeed\\\/avatar\\\/455dd3eb0b147442b74dae3a6bc714a0.jpg?ver=1777371708\",\"contentUrl\":\"https:\\\/\\\/gruparenal.com\\\/wp-content\\\/litespeed\\\/avatar\\\/455dd3eb0b147442b74dae3a6bc714a0.jpg?ver=1777371708\",\"caption\":\"Lucia\"},\"url\":\"https:\\\/\\\/gruparenal.com\\\/en\\\/author\\\/4b3cfc7ca0abfa80\\\/\"}]}<\/script>\n<!-- \/ Yoast SEO plugin. -->","yoast_head_json":{"title":"Nueva imagen corporativa - vive momentos inolvidables | Grup Arenal","description":"En Grup Arenal queremos formar parte de cada momento, de cada instante que compartes con los tuyos. \u00a1Descubre nuestra nueva imagen corporativa!","robots":{"index":"index","follow":"follow","max-snippet":"max-snippet:-1","max-image-preview":"max-image-preview:large","max-video-preview":"max-video-preview:-1"},"canonical":"https:\/\/gruparenal.com\/en\/nueva-imagen-corporativa\/","og_locale":"en_US","og_type":"article","og_title":"Nueva imagen corporativa - vive momentos inolvidables | Grup Arenal","og_description":"En Grup Arenal queremos formar parte de cada momento, de cada instante que compartes con los tuyos. \u00a1Descubre nuestra nueva imagen corporativa!","og_url":"https:\/\/gruparenal.com\/en\/nueva-imagen-corporativa\/","og_site_name":"Grup Arenal","article_published_time":"2017-08-03T12:00:00+00:00","article_modified_time":"2020-04-08T18:57:46+00:00","og_image":[{"width":1400,"height":875,"url":"https:\/\/gruparenal.com\/wp-content\/uploads\/2020\/02\/image-32.png","type":"image\/png"}],"author":"Lucia","twitter_card":"summary_large_image","twitter_misc":{"Written by":"Lucia","Est. reading time":"3 minutes"},"schema":{"@context":"https:\/\/schema.org","@graph":[{"@type":"Article","@id":"https:\/\/gruparenal.com\/en\/nueva-imagen-corporativa\/#article","isPartOf":{"@id":"https:\/\/gruparenal.com\/en\/nueva-imagen-corporativa\/"},"author":{"name":"Lucia","@id":"https:\/\/gruparenal.com\/en\/#\/schema\/person\/6d9ea8ff5d736e55a9d6bf6b6d82b75f"},"headline":"NUEVA IMAGEN CORPORATIVA","datePublished":"2017-08-03T12:00:00+00:00","dateModified":"2020-04-08T18:57:46+00:00","mainEntityOfPage":{"@id":"https:\/\/gruparenal.com\/en\/nueva-imagen-corporativa\/"},"wordCount":616,"image":{"@id":"https:\/\/gruparenal.com\/en\/nueva-imagen-corporativa\/#primaryimage"},"thumbnailUrl":"https:\/\/gruparenal.com\/wp-content\/uploads\/2020\/02\/image-32.png","inLanguage":"en-US"},{"@type":"WebPage","@id":"https:\/\/gruparenal.com\/en\/nueva-imagen-corporativa\/","url":"https:\/\/gruparenal.com\/en\/nueva-imagen-corporativa\/","name":"Nueva imagen corporativa - vive momentos inolvidables | Grup Arenal","isPartOf":{"@id":"https:\/\/gruparenal.com\/en\/#website"},"primaryImageOfPage":{"@id":"https:\/\/gruparenal.com\/en\/nueva-imagen-corporativa\/#primaryimage"},"image":{"@id":"https:\/\/gruparenal.com\/en\/nueva-imagen-corporativa\/#primaryimage"},"thumbnailUrl":"https:\/\/gruparenal.com\/wp-content\/uploads\/2020\/02\/image-32.png","datePublished":"2017-08-03T12:00:00+00:00","dateModified":"2020-04-08T18:57:46+00:00","author":{"@id":"https:\/\/gruparenal.com\/en\/#\/schema\/person\/6d9ea8ff5d736e55a9d6bf6b6d82b75f"},"description":"En Grup Arenal queremos formar parte de cada momento, de cada instante que compartes con los tuyos. \u00a1Descubre nuestra nueva imagen corporativa!","breadcrumb":{"@id":"https:\/\/gruparenal.com\/en\/nueva-imagen-corporativa\/#breadcrumb"},"inLanguage":"en-US","potentialAction":[{"@type":"ReadAction","target":["https:\/\/gruparenal.com\/en\/nueva-imagen-corporativa\/"]}]},{"@type":"ImageObject","inLanguage":"en-US","@id":"https:\/\/gruparenal.com\/en\/nueva-imagen-corporativa\/#primaryimage","url":"https:\/\/gruparenal.com\/wp-content\/uploads\/2020\/02\/image-32.png","contentUrl":"https:\/\/gruparenal.com\/wp-content\/uploads\/2020\/02\/image-32.png","width":1400,"height":875,"caption":"Nueva imagen corporativa"},{"@type":"BreadcrumbList","@id":"https:\/\/gruparenal.com\/en\/nueva-imagen-corporativa\/#breadcrumb","itemListElement":[{"@type":"ListItem","position":1,"name":"Portada","item":"https:\/\/gruparenal.com\/en\/"},{"@type":"ListItem","position":2,"name":"NUEVA IMAGEN CORPORATIVA"}]},{"@type":"WebSite","@id":"https:\/\/gruparenal.com\/en\/#website","url":"https:\/\/gruparenal.com\/en\/","name":"Grup Arenal","description":"Otro sitio realizado con WordPress","potentialAction":[{"@type":"SearchAction","target":{"@type":"EntryPoint","urlTemplate":"https:\/\/gruparenal.com\/en\/?s={search_term_string}"},"query-input":{"@type":"PropertyValueSpecification","valueRequired":true,"valueName":"search_term_string"}}],"inLanguage":"en-US"},{"@type":"Person","@id":"https:\/\/gruparenal.com\/en\/#\/schema\/person\/6d9ea8ff5d736e55a9d6bf6b6d82b75f","name":"Lucia","image":{"@type":"ImageObject","inLanguage":"en-US","@id":"https:\/\/gruparenal.com\/wp-content\/litespeed\/avatar\/455dd3eb0b147442b74dae3a6bc714a0.jpg?ver=1777371708","url":"https:\/\/gruparenal.com\/wp-content\/litespeed\/avatar\/455dd3eb0b147442b74dae3a6bc714a0.jpg?ver=1777371708","contentUrl":"https:\/\/gruparenal.com\/wp-content\/litespeed\/avatar\/455dd3eb0b147442b74dae3a6bc714a0.jpg?ver=1777371708","caption":"Lucia"},"url":"https:\/\/gruparenal.com\/en\/author\/4b3cfc7ca0abfa80\/"}]}},"_links":{"self":[{"href":"https:\/\/gruparenal.com\/en\/wp-json\/wp\/v2\/posts\/1971","targetHints":{"allow":["GET"]}}],"collection":[{"href":"https:\/\/gruparenal.com\/en\/wp-json\/wp\/v2\/posts"}],"about":[{"href":"https:\/\/gruparenal.com\/en\/wp-json\/wp\/v2\/types\/post"}],"author":[{"embeddable":true,"href":"https:\/\/gruparenal.com\/en\/wp-json\/wp\/v2\/users\/2"}],"replies":[{"embeddable":true,"href":"https:\/\/gruparenal.com\/en\/wp-json\/wp\/v2\/comments?post=1971"}],"version-history":[{"count":1,"href":"https:\/\/gruparenal.com\/en\/wp-json\/wp\/v2\/posts\/1971\/revisions"}],"predecessor-version":[{"id":1973,"href":"https:\/\/gruparenal.com\/en\/wp-json\/wp\/v2\/posts\/1971\/revisions\/1973"}],"wp:featuredmedia":[{"embeddable":true,"href":"https:\/\/gruparenal.com\/en\/wp-json\/wp\/v2\/media\/1972"}],"wp:attachment":[{"href":"https:\/\/gruparenal.com\/en\/wp-json\/wp\/v2\/media?parent=1971"}],"wp:term":[{"taxonomy":"category","embeddable":true,"href":"https:\/\/gruparenal.com\/en\/wp-json\/wp\/v2\/categories?post=1971"},{"taxonomy":"post_tag","embeddable":true,"href":"https:\/\/gruparenal.com\/en\/wp-json\/wp\/v2\/tags?post=1971"}],"curies":[{"name":"wp","href":"https:\/\/api.w.org\/{rel}","templated":true}]}}